{"id":36335,"date":"2024-04-12T09:45:05","date_gmt":"2024-04-12T07:45:05","guid":{"rendered":"https:\/\/www.plenussupermercados.es\/\/2024\/04\/12\/grupo-cuevas-consolida-a-sua-estratexia-de-crecemento-no-rural-coa-apertura-de-plenus-curtis\/"},"modified":"2024-04-12T09:47:47","modified_gmt":"2024-04-12T07:47:47","slug":"grupo-cuevas-consolida-a-sua-estratexia-de-crecemento-no-rural-coa-apertura-de-plenus-curtis","status":"publish","type":"post","link":"https:\/\/www.plenussupermercados.es\/gl\/2024\/04\/12\/grupo-cuevas-consolida-a-sua-estratexia-de-crecemento-no-rural-coa-apertura-de-plenus-curtis\/","title":{"rendered":"GRUPO CUEVAS CONSOLIDA A S\u00daA ESTRATEXIA DE CRECEMENTO NO RURAL COA APERTURA DE PLENUS CURTIS"},"content":{"rendered":"\t\t<div data-elementor-type=\"wp-post\" data-elementor-id=\"36335\" class=\"elementor elementor-36335 elementor-36307\" data-elementor-post-type=\"post\">\n\t\t\t\t\t\t<section class=\"elementor-section elementor-top-section elementor-element elementor-element-4a78eca elementor-section-boxed elementor-section-height-default elementor-section-height-default\" data-id=\"4a78eca\" data-element_type=\"section\" data-e-type=\"section\">\n\t\t\t\t\t\t<div class=\"elementor-container elementor-column-gap-default\">\n\t\t\t\t\t<div class=\"elementor-column elementor-col-100 elementor-top-column elementor-element elementor-element-1f3876a\" data-id=\"1f3876a\" data-element_type=\"column\" data-e-type=\"column\">\n\t\t\t<div class=\"elementor-widget-wrap elementor-element-populated\">\n\t\t\t\t\t\t<div class=\"elementor-element elementor-element-057d629 elementor-widget elementor-widget-text-editor\" data-id=\"057d629\" data-element_type=\"widget\" data-e-type=\"widget\" data-widget_type=\"text-editor.default\">\n\t\t\t\t<div class=\"elementor-widget-container\">\n\t\t\t\t\t\t\t\t\t<p>A cadea Plenus Supermercados, pertencente a Grupo Cuevas conta, desde hoxe, cun novo supermercado en Curtis (A Coru\u00f1a). Situado na r\u00faa Pilar Pena, 25 desta localidade coru\u00f1esa, este supermercado conv\u00e9rtese no punto de venda n\u00famero 113 do grupo e no vix\u00e9simo situado na provincia da Coru\u00f1a. (3 Cuevas Cash, 1 Aqui\u00e9 e 15 Spar Express).<br \/>\nPlenus Curtis xerou 15 postos de traballo directos e dar\u00e1 cobertura a unha zona na que residen unhas 12.500 persoas da comarca. Xunto a Curtis tam\u00e9n alcanzar\u00e1 a \u00e1rea de Oza-Cesuras, Sobrado dos Monxes, Teixeiro, Ponte Carreira, Vilasantar, entro outros moitos n\u00facleos do interior do rural coru\u00f1\u00e9s. Con esta apertura, Grupo Cuevas pasa o 55 mil metros cadrados de superficie total de venda (55.367 m2) baixo as insignias Plenus Supermercados (17 tendas), Aqui\u00e9 Supermercados (3 tendas), Spar Express (70 tendas) e Cuevas Cash (23 centros) situados en Galicia, Castela e Le\u00f3n, Asturias e Cantabria.<\/p>\n<p><strong>Unha aposta decidida polo rural e a sustentabilidade<\/strong><\/p>\n<p>Situado no coraz\u00f3n da localidade, e cun investimento que se cifrou en torno ao mill\u00f3n de euros, contar\u00e1 coas secci\u00f3ns habituais de frescos (fruter\u00eda, carnicer\u00eda, peixar\u00eda e charcuter\u00eda, todas elas con venda asistida) e unha desenvolvida zona de panader\u00eda. Unha vez m\u00e1is, Grupo Cuevas consolida unha das s\u00faas li\u00f1as estrat\u00e9xicas vinculadas ao crecemento e o desenvolvemento do rural traballando pola xeraci\u00f3n de riqueza e emprego en zonas menos poboadas. \u201c\u00c9 o noso compromiso con aquelas persoas que elixen o rural como forma de vida tanto a nivel persoal como profesional. Hai moitos recursos por aproveitar no noso territorio e \u00e9 noso deber estar a\u00ed para collelos e transformalos en algo \u00fatil. Segue sendo o noso prop\u00f3sito final: facilitar a vida \u00e1s persoas\u201d aclara Artur Yuste, director xeral de Grupo Cuevas.<\/p>\n<p>A sustentabilidade tam\u00e9n se deixa notar nunha nova instalaci\u00f3n que contar\u00e1 con iluminaci\u00f3n led e detectores de presenza en zonas com\u00fans, murais de fr\u00edo de baixo consumo ou o sistema de refrixeraci\u00f3n baseado no uso de CO2 que evita a emisi\u00f3n de gases de efecto invernadoiro e trad\u00facese nunha sensible reduci\u00f3n do consumo el\u00e9ctrico. Grupo Cuevas repite a s\u00faa experiencia co uso de etiquetas electr\u00f3nicas que reverten nun aforro en d\u00faas direcci\u00f3ns: na reduci\u00f3n de consumo de papel as\u00ed como no tempo que as persoas xa non te\u00f1en que dedicar ao cambio ou actualizaci\u00f3n de prezos que se realizar\u00e1 de forma sincronizada, autom\u00e1tica e en tempo real.<\/p>\n<p>Esta tenda mover\u00e1 en total m\u00e1is de 6.000 referencias de produto e dar\u00e1 servizo en horario ininterrompido, de luns a s\u00e1bado, desde as 9.00 horas ata as 21.30 horas.<\/p>\n<p>Artur Yuste, director xeral do Grupo Cuevas, reafirma o compromiso da compa\u00f1\u00eda con Galicia: \u201cA mellor contribuci\u00f3n social que podemos realizar agora mesmo as empresas \u00e9 tratar de non deternos no que a investimento ref\u00edrese. Cunha an\u00e1lise seria e coidadosa, pero con paso firme e continuo\u201d.<\/p>\n\t\t\t\t\t\t\t\t<\/div>\n\t\t\t\t<\/div>\n\t\t\t\t\t<\/div>\n\t\t<\/div>\n\t\t\t\t\t<\/div>\n\t\t<\/section>\n\t\t\t\t<\/div>\n\t\t","protected":false},"excerpt":{"rendered":"<p>A cadea Plenus Supermercados, pertencente a Grupo Cuevas conta, desde hoxe, cun novo supermercado en Curtis (A Coru\u00f1a). Situado na r\u00faa Pilar Pena, 25 desta localidade coru\u00f1esa, este supermercado conv\u00e9rtese no punto de venda n\u00famero 113 do grupo e no vix\u00e9simo situado na provincia da Coru\u00f1a. (3 Cuevas Cash, 1 Aqui\u00e9 e 15 Spar Express).&hellip;<\/p>\n","protected":false},"author":3,"featured_media":36328,"comment_status":"closed","ping_status":"closed","sticky":false,"template":"","format":"standard","meta":{"_acf_changed":false,"wprm-recipe-roundup-name":"","wprm-recipe-roundup-description":"","footnotes":""},"categories":[1031],"tags":[],"class_list":["post-36335","post","type-post","status-publish","format-standard","has-post-thumbnail","hentry","category-novas"],"acf":[],"yoast_head":"<!-- This site is optimized with the Yoast SEO plugin v27.5 - https:\/\/yoast.com\/product\/yoast-seo-wordpress\/ -->\n<title>GRUPO CUEVAS CONSOLIDA A S\u00daA ESTRATEXIA DE CRECEMENTO NO RURAL COA APERTURA DE PLENUS CURTIS - Supermercados Plenus<\/title>\n<meta name=\"robots\" content=\"index, follow, max-snippet:-1, max-image-preview:large, max-video-preview:-1\" \/>\n<link rel=\"canonical\" href=\"https:\/\/www.plenussupermercados.es\/gl\/2024\/04\/12\/grupo-cuevas-consolida-a-sua-estratexia-de-crecemento-no-rural-coa-apertura-de-plenus-curtis\/\" \/>\n<meta property=\"og:locale\" content=\"gl_ES\" \/>\n<meta property=\"og:type\" content=\"article\" \/>\n<meta property=\"og:title\" content=\"GRUPO CUEVAS CONSOLIDA A S\u00daA ESTRATEXIA DE CRECEMENTO NO RURAL COA APERTURA DE PLENUS CURTIS - Supermercados Plenus\" \/>\n<meta property=\"og:description\" content=\"A cadea Plenus Supermercados, pertencente a Grupo Cuevas conta, desde hoxe, cun novo supermercado en Curtis (A Coru\u00f1a). Situado na r\u00faa Pilar Pena, 25 desta localidade coru\u00f1esa, este supermercado conv\u00e9rtese no punto de venda n\u00famero 113 do grupo e no vix\u00e9simo situado na provincia da Coru\u00f1a. (3 Cuevas Cash, 1 Aqui\u00e9 e 15 Spar Express).&hellip;\" \/>\n<meta property=\"og:url\" content=\"https:\/\/www.plenussupermercados.es\/gl\/2024\/04\/12\/grupo-cuevas-consolida-a-sua-estratexia-de-crecemento-no-rural-coa-apertura-de-plenus-curtis\/\" \/>\n<meta property=\"og:site_name\" content=\"Supermercados Plenus\" \/>\n<meta property=\"article:published_time\" content=\"2024-04-12T07:45:05+00:00\" \/>\n<meta property=\"article:modified_time\" content=\"2024-04-12T07:47:47+00:00\" \/>\n<meta property=\"og:image\" content=\"https:\/\/www.plenussupermercados.es\/wp-content\/uploads\/2024\/04\/Apertura-Curtis.jpg\" \/>\n\t<meta property=\"og:image:width\" content=\"1019\" \/>\n\t<meta property=\"og:image:height\" content=\"1018\" \/>\n\t<meta property=\"og:image:type\" content=\"image\/jpeg\" \/>\n<meta name=\"author\" content=\"Marketing\" \/>\n<meta name=\"twitter:card\" content=\"summary_large_image\" \/>\n<meta name=\"twitter:label1\" content=\"Escrito por\" \/>\n\t<meta name=\"twitter:data1\" content=\"Marketing\" \/>\n\t<meta name=\"twitter:label2\" content=\"Tempo de lectura\" \/>\n\t<meta name=\"twitter:data2\" content=\"2 minutos\" \/>\n<script type=\"application\/ld+json\" class=\"yoast-schema-graph\">{\"@context\":\"https:\\\/\\\/schema.org\",\"@graph\":[{\"@type\":\"Article\",\"@id\":\"https:\\\/\\\/www.plenussupermercados.es\\\/gl\\\/2024\\\/04\\\/12\\\/grupo-cuevas-consolida-a-sua-estratexia-de-crecemento-no-rural-coa-apertura-de-plenus-curtis\\\/#article\",\"isPartOf\":{\"@id\":\"https:\\\/\\\/www.plenussupermercados.es\\\/gl\\\/2024\\\/04\\\/12\\\/grupo-cuevas-consolida-a-sua-estratexia-de-crecemento-no-rural-coa-apertura-de-plenus-curtis\\\/\"},\"author\":{\"name\":\"Marketing\",\"@id\":\"https:\\\/\\\/www.plenussupermercados.es\\\/gl\\\/#\\\/schema\\\/person\\\/2d8adef7bb20264c2a1d2f5afc6559a1\"},\"headline\":\"GRUPO CUEVAS CONSOLIDA A S\u00daA ESTRATEXIA DE CRECEMENTO NO RURAL COA APERTURA DE PLENUS CURTIS\",\"datePublished\":\"2024-04-12T07:45:05+00:00\",\"dateModified\":\"2024-04-12T07:47:47+00:00\",\"mainEntityOfPage\":{\"@id\":\"https:\\\/\\\/www.plenussupermercados.es\\\/gl\\\/2024\\\/04\\\/12\\\/grupo-cuevas-consolida-a-sua-estratexia-de-crecemento-no-rural-coa-apertura-de-plenus-curtis\\\/\"},\"wordCount\":515,\"publisher\":{\"@id\":\"https:\\\/\\\/www.plenussupermercados.es\\\/gl\\\/#organization\"},\"image\":{\"@id\":\"https:\\\/\\\/www.plenussupermercados.es\\\/gl\\\/2024\\\/04\\\/12\\\/grupo-cuevas-consolida-a-sua-estratexia-de-crecemento-no-rural-coa-apertura-de-plenus-curtis\\\/#primaryimage\"},\"thumbnailUrl\":\"https:\\\/\\\/www.plenussupermercados.es\\\/wp-content\\\/uploads\\\/2024\\\/04\\\/Apertura-Curtis.jpg\",\"articleSection\":[\"Novas\"],\"inLanguage\":\"gl-ES\"},{\"@type\":\"WebPage\",\"@id\":\"https:\\\/\\\/www.plenussupermercados.es\\\/gl\\\/2024\\\/04\\\/12\\\/grupo-cuevas-consolida-a-sua-estratexia-de-crecemento-no-rural-coa-apertura-de-plenus-curtis\\\/\",\"url\":\"https:\\\/\\\/www.plenussupermercados.es\\\/gl\\\/2024\\\/04\\\/12\\\/grupo-cuevas-consolida-a-sua-estratexia-de-crecemento-no-rural-coa-apertura-de-plenus-curtis\\\/\",\"name\":\"GRUPO CUEVAS CONSOLIDA A S\u00daA ESTRATEXIA DE CRECEMENTO NO RURAL COA APERTURA DE PLENUS CURTIS - Supermercados Plenus\",\"isPartOf\":{\"@id\":\"https:\\\/\\\/www.plenussupermercados.es\\\/gl\\\/#website\"},\"primaryImageOfPage\":{\"@id\":\"https:\\\/\\\/www.plenussupermercados.es\\\/gl\\\/2024\\\/04\\\/12\\\/grupo-cuevas-consolida-a-sua-estratexia-de-crecemento-no-rural-coa-apertura-de-plenus-curtis\\\/#primaryimage\"},\"image\":{\"@id\":\"https:\\\/\\\/www.plenussupermercados.es\\\/gl\\\/2024\\\/04\\\/12\\\/grupo-cuevas-consolida-a-sua-estratexia-de-crecemento-no-rural-coa-apertura-de-plenus-curtis\\\/#primaryimage\"},\"thumbnailUrl\":\"https:\\\/\\\/www.plenussupermercados.es\\\/wp-content\\\/uploads\\\/2024\\\/04\\\/Apertura-Curtis.jpg\",\"datePublished\":\"2024-04-12T07:45:05+00:00\",\"dateModified\":\"2024-04-12T07:47:47+00:00\",\"breadcrumb\":{\"@id\":\"https:\\\/\\\/www.plenussupermercados.es\\\/gl\\\/2024\\\/04\\\/12\\\/grupo-cuevas-consolida-a-sua-estratexia-de-crecemento-no-rural-coa-apertura-de-plenus-curtis\\\/#breadcrumb\"},\"inLanguage\":\"gl-ES\",\"potentialAction\":[{\"@type\":\"ReadAction\",\"target\":[\"https:\\\/\\\/www.plenussupermercados.es\\\/gl\\\/2024\\\/04\\\/12\\\/grupo-cuevas-consolida-a-sua-estratexia-de-crecemento-no-rural-coa-apertura-de-plenus-curtis\\\/\"]}]},{\"@type\":\"ImageObject\",\"inLanguage\":\"gl-ES\",\"@id\":\"https:\\\/\\\/www.plenussupermercados.es\\\/gl\\\/2024\\\/04\\\/12\\\/grupo-cuevas-consolida-a-sua-estratexia-de-crecemento-no-rural-coa-apertura-de-plenus-curtis\\\/#primaryimage\",\"url\":\"https:\\\/\\\/www.plenussupermercados.es\\\/wp-content\\\/uploads\\\/2024\\\/04\\\/Apertura-Curtis.jpg\",\"contentUrl\":\"https:\\\/\\\/www.plenussupermercados.es\\\/wp-content\\\/uploads\\\/2024\\\/04\\\/Apertura-Curtis.jpg\",\"width\":1019,\"height\":1018},{\"@type\":\"BreadcrumbList\",\"@id\":\"https:\\\/\\\/www.plenussupermercados.es\\\/gl\\\/2024\\\/04\\\/12\\\/grupo-cuevas-consolida-a-sua-estratexia-de-crecemento-no-rural-coa-apertura-de-plenus-curtis\\\/#breadcrumb\",\"itemListElement\":[{\"@type\":\"ListItem\",\"position\":1,\"name\":\"Portada\",\"item\":\"https:\\\/\\\/www.plenussupermercados.es\\\/gl\\\/\"},{\"@type\":\"ListItem\",\"position\":2,\"name\":\"GRUPO CUEVAS CONSOLIDA A S\u00daA ESTRATEXIA DE CRECEMENTO NO RURAL COA APERTURA DE PLENUS CURTIS\"}]},{\"@type\":\"WebSite\",\"@id\":\"https:\\\/\\\/www.plenussupermercados.es\\\/gl\\\/#website\",\"url\":\"https:\\\/\\\/www.plenussupermercados.es\\\/gl\\\/\",\"name\":\"Supermercados Plenus\",\"description\":\"\",\"publisher\":{\"@id\":\"https:\\\/\\\/www.plenussupermercados.es\\\/gl\\\/#organization\"},\"potentialAction\":[{\"@type\":\"SearchAction\",\"target\":{\"@type\":\"EntryPoint\",\"urlTemplate\":\"https:\\\/\\\/www.plenussupermercados.es\\\/gl\\\/?s={search_term_string}\"},\"query-input\":{\"@type\":\"PropertyValueSpecification\",\"valueRequired\":true,\"valueName\":\"search_term_string\"}}],\"inLanguage\":\"gl-ES\"},{\"@type\":\"Organization\",\"@id\":\"https:\\\/\\\/www.plenussupermercados.es\\\/gl\\\/#organization\",\"name\":\"Supermercados Plenus\",\"url\":\"https:\\\/\\\/www.plenussupermercados.es\\\/gl\\\/\",\"logo\":{\"@type\":\"ImageObject\",\"inLanguage\":\"gl-ES\",\"@id\":\"https:\\\/\\\/www.plenussupermercados.es\\\/gl\\\/#\\\/schema\\\/logo\\\/image\\\/\",\"url\":\"https:\\\/\\\/www.plenussupermercados.es\\\/wp-content\\\/uploads\\\/2024\\\/01\\\/logo-plenus-supermercados.png\",\"contentUrl\":\"https:\\\/\\\/www.plenussupermercados.es\\\/wp-content\\\/uploads\\\/2024\\\/01\\\/logo-plenus-supermercados.png\",\"width\":232,\"height\":57,\"caption\":\"Supermercados Plenus\"},\"image\":{\"@id\":\"https:\\\/\\\/www.plenussupermercados.es\\\/gl\\\/#\\\/schema\\\/logo\\\/image\\\/\"}},{\"@type\":\"Person\",\"@id\":\"https:\\\/\\\/www.plenussupermercados.es\\\/gl\\\/#\\\/schema\\\/person\\\/2d8adef7bb20264c2a1d2f5afc6559a1\",\"name\":\"Marketing\",\"image\":{\"@type\":\"ImageObject\",\"inLanguage\":\"gl-ES\",\"@id\":\"https:\\\/\\\/secure.gravatar.com\\\/avatar\\\/8ded354b39a8b0148f5b1dcf5d15c9851f7e014e20a66c5f23b7c2991bf714cd?s=96&d=mm&r=g\",\"url\":\"https:\\\/\\\/secure.gravatar.com\\\/avatar\\\/8ded354b39a8b0148f5b1dcf5d15c9851f7e014e20a66c5f23b7c2991bf714cd?s=96&d=mm&r=g\",\"contentUrl\":\"https:\\\/\\\/secure.gravatar.com\\\/avatar\\\/8ded354b39a8b0148f5b1dcf5d15c9851f7e014e20a66c5f23b7c2991bf714cd?s=96&d=mm&r=g\",\"caption\":\"Marketing\"}}]}<\/script>\n<!-- \/ Yoast SEO plugin. -->","yoast_head_json":{"title":"GRUPO CUEVAS CONSOLIDA A S\u00daA ESTRATEXIA DE CRECEMENTO NO RURAL COA APERTURA DE PLENUS CURTIS - Supermercados Plenus","robots":{"index":"index","follow":"follow","max-snippet":"max-snippet:-1","max-image-preview":"max-image-preview:large","max-video-preview":"max-video-preview:-1"},"canonical":"https:\/\/www.plenussupermercados.es\/gl\/2024\/04\/12\/grupo-cuevas-consolida-a-sua-estratexia-de-crecemento-no-rural-coa-apertura-de-plenus-curtis\/","og_locale":"gl_ES","og_type":"article","og_title":"GRUPO CUEVAS CONSOLIDA A S\u00daA ESTRATEXIA DE CRECEMENTO NO RURAL COA APERTURA DE PLENUS CURTIS - Supermercados Plenus","og_description":"A cadea Plenus Supermercados, pertencente a Grupo Cuevas conta, desde hoxe, cun novo supermercado en Curtis (A Coru\u00f1a). Situado na r\u00faa Pilar Pena, 25 desta localidade coru\u00f1esa, este supermercado conv\u00e9rtese no punto de venda n\u00famero 113 do grupo e no vix\u00e9simo situado na provincia da Coru\u00f1a. (3 Cuevas Cash, 1 Aqui\u00e9 e 15 Spar Express).&hellip;","og_url":"https:\/\/www.plenussupermercados.es\/gl\/2024\/04\/12\/grupo-cuevas-consolida-a-sua-estratexia-de-crecemento-no-rural-coa-apertura-de-plenus-curtis\/","og_site_name":"Supermercados Plenus","article_published_time":"2024-04-12T07:45:05+00:00","article_modified_time":"2024-04-12T07:47:47+00:00","og_image":[{"width":1019,"height":1018,"url":"https:\/\/www.plenussupermercados.es\/wp-content\/uploads\/2024\/04\/Apertura-Curtis.jpg","type":"image\/jpeg"}],"author":"Marketing","twitter_card":"summary_large_image","twitter_misc":{"Escrito por":"Marketing","Tempo de lectura":"2 minutos"},"schema":{"@context":"https:\/\/schema.org","@graph":[{"@type":"Article","@id":"https:\/\/www.plenussupermercados.es\/gl\/2024\/04\/12\/grupo-cuevas-consolida-a-sua-estratexia-de-crecemento-no-rural-coa-apertura-de-plenus-curtis\/#article","isPartOf":{"@id":"https:\/\/www.plenussupermercados.es\/gl\/2024\/04\/12\/grupo-cuevas-consolida-a-sua-estratexia-de-crecemento-no-rural-coa-apertura-de-plenus-curtis\/"},"author":{"name":"Marketing","@id":"https:\/\/www.plenussupermercados.es\/gl\/#\/schema\/person\/2d8adef7bb20264c2a1d2f5afc6559a1"},"headline":"GRUPO CUEVAS CONSOLIDA A S\u00daA ESTRATEXIA DE CRECEMENTO NO RURAL COA APERTURA DE PLENUS CURTIS","datePublished":"2024-04-12T07:45:05+00:00","dateModified":"2024-04-12T07:47:47+00:00","mainEntityOfPage":{"@id":"https:\/\/www.plenussupermercados.es\/gl\/2024\/04\/12\/grupo-cuevas-consolida-a-sua-estratexia-de-crecemento-no-rural-coa-apertura-de-plenus-curtis\/"},"wordCount":515,"publisher":{"@id":"https:\/\/www.plenussupermercados.es\/gl\/#organization"},"image":{"@id":"https:\/\/www.plenussupermercados.es\/gl\/2024\/04\/12\/grupo-cuevas-consolida-a-sua-estratexia-de-crecemento-no-rural-coa-apertura-de-plenus-curtis\/#primaryimage"},"thumbnailUrl":"https:\/\/www.plenussupermercados.es\/wp-content\/uploads\/2024\/04\/Apertura-Curtis.jpg","articleSection":["Novas"],"inLanguage":"gl-ES"},{"@type":"WebPage","@id":"https:\/\/www.plenussupermercados.es\/gl\/2024\/04\/12\/grupo-cuevas-consolida-a-sua-estratexia-de-crecemento-no-rural-coa-apertura-de-plenus-curtis\/","url":"https:\/\/www.plenussupermercados.es\/gl\/2024\/04\/12\/grupo-cuevas-consolida-a-sua-estratexia-de-crecemento-no-rural-coa-apertura-de-plenus-curtis\/","name":"GRUPO CUEVAS CONSOLIDA A S\u00daA ESTRATEXIA DE CRECEMENTO NO RURAL COA APERTURA DE PLENUS CURTIS - Supermercados Plenus","isPartOf":{"@id":"https:\/\/www.plenussupermercados.es\/gl\/#website"},"primaryImageOfPage":{"@id":"https:\/\/www.plenussupermercados.es\/gl\/2024\/04\/12\/grupo-cuevas-consolida-a-sua-estratexia-de-crecemento-no-rural-coa-apertura-de-plenus-curtis\/#primaryimage"},"image":{"@id":"https:\/\/www.plenussupermercados.es\/gl\/2024\/04\/12\/grupo-cuevas-consolida-a-sua-estratexia-de-crecemento-no-rural-coa-apertura-de-plenus-curtis\/#primaryimage"},"thumbnailUrl":"https:\/\/www.plenussupermercados.es\/wp-content\/uploads\/2024\/04\/Apertura-Curtis.jpg","datePublished":"2024-04-12T07:45:05+00:00","dateModified":"2024-04-12T07:47:47+00:00","breadcrumb":{"@id":"https:\/\/www.plenussupermercados.es\/gl\/2024\/04\/12\/grupo-cuevas-consolida-a-sua-estratexia-de-crecemento-no-rural-coa-apertura-de-plenus-curtis\/#breadcrumb"},"inLanguage":"gl-ES","potentialAction":[{"@type":"ReadAction","target":["https:\/\/www.plenussupermercados.es\/gl\/2024\/04\/12\/grupo-cuevas-consolida-a-sua-estratexia-de-crecemento-no-rural-coa-apertura-de-plenus-curtis\/"]}]},{"@type":"ImageObject","inLanguage":"gl-ES","@id":"https:\/\/www.plenussupermercados.es\/gl\/2024\/04\/12\/grupo-cuevas-consolida-a-sua-estratexia-de-crecemento-no-rural-coa-apertura-de-plenus-curtis\/#primaryimage","url":"https:\/\/www.plenussupermercados.es\/wp-content\/uploads\/2024\/04\/Apertura-Curtis.jpg","contentUrl":"https:\/\/www.plenussupermercados.es\/wp-content\/uploads\/2024\/04\/Apertura-Curtis.jpg","width":1019,"height":1018},{"@type":"BreadcrumbList","@id":"https:\/\/www.plenussupermercados.es\/gl\/2024\/04\/12\/grupo-cuevas-consolida-a-sua-estratexia-de-crecemento-no-rural-coa-apertura-de-plenus-curtis\/#breadcrumb","itemListElement":[{"@type":"ListItem","position":1,"name":"Portada","item":"https:\/\/www.plenussupermercados.es\/gl\/"},{"@type":"ListItem","position":2,"name":"GRUPO CUEVAS CONSOLIDA A S\u00daA ESTRATEXIA DE CRECEMENTO NO RURAL COA APERTURA DE PLENUS CURTIS"}]},{"@type":"WebSite","@id":"https:\/\/www.plenussupermercados.es\/gl\/#website","url":"https:\/\/www.plenussupermercados.es\/gl\/","name":"Supermercados Plenus","description":"","publisher":{"@id":"https:\/\/www.plenussupermercados.es\/gl\/#organization"},"potentialAction":[{"@type":"SearchAction","target":{"@type":"EntryPoint","urlTemplate":"https:\/\/www.plenussupermercados.es\/gl\/?s={search_term_string}"},"query-input":{"@type":"PropertyValueSpecification","valueRequired":true,"valueName":"search_term_string"}}],"inLanguage":"gl-ES"},{"@type":"Organization","@id":"https:\/\/www.plenussupermercados.es\/gl\/#organization","name":"Supermercados Plenus","url":"https:\/\/www.plenussupermercados.es\/gl\/","logo":{"@type":"ImageObject","inLanguage":"gl-ES","@id":"https:\/\/www.plenussupermercados.es\/gl\/#\/schema\/logo\/image\/","url":"https:\/\/www.plenussupermercados.es\/wp-content\/uploads\/2024\/01\/logo-plenus-supermercados.png","contentUrl":"https:\/\/www.plenussupermercados.es\/wp-content\/uploads\/2024\/01\/logo-plenus-supermercados.png","width":232,"height":57,"caption":"Supermercados Plenus"},"image":{"@id":"https:\/\/www.plenussupermercados.es\/gl\/#\/schema\/logo\/image\/"}},{"@type":"Person","@id":"https:\/\/www.plenussupermercados.es\/gl\/#\/schema\/person\/2d8adef7bb20264c2a1d2f5afc6559a1","name":"Marketing","image":{"@type":"ImageObject","inLanguage":"gl-ES","@id":"https:\/\/secure.gravatar.com\/avatar\/8ded354b39a8b0148f5b1dcf5d15c9851f7e014e20a66c5f23b7c2991bf714cd?s=96&d=mm&r=g","url":"https:\/\/secure.gravatar.com\/avatar\/8ded354b39a8b0148f5b1dcf5d15c9851f7e014e20a66c5f23b7c2991bf714cd?s=96&d=mm&r=g","contentUrl":"https:\/\/secure.gravatar.com\/avatar\/8ded354b39a8b0148f5b1dcf5d15c9851f7e014e20a66c5f23b7c2991bf714cd?s=96&d=mm&r=g","caption":"Marketing"}}]}},"_links":{"self":[{"href":"https:\/\/www.plenussupermercados.es\/gl\/wp-json\/wp\/v2\/posts\/36335","targetHints":{"allow":["GET"]}}],"collection":[{"href":"https:\/\/www.plenussupermercados.es\/gl\/wp-json\/wp\/v2\/posts"}],"about":[{"href":"https:\/\/www.plenussupermercados.es\/gl\/wp-json\/wp\/v2\/types\/post"}],"author":[{"embeddable":true,"href":"https:\/\/www.plenussupermercados.es\/gl\/wp-json\/wp\/v2\/users\/3"}],"replies":[{"embeddable":true,"href":"https:\/\/www.plenussupermercados.es\/gl\/wp-json\/wp\/v2\/comments?post=36335"}],"version-history":[{"count":1,"href":"https:\/\/www.plenussupermercados.es\/gl\/wp-json\/wp\/v2\/posts\/36335\/revisions"}],"predecessor-version":[{"id":36336,"href":"https:\/\/www.plenussupermercados.es\/gl\/wp-json\/wp\/v2\/posts\/36335\/revisions\/36336"}],"wp:featuredmedia":[{"embeddable":true,"href":"https:\/\/www.plenussupermercados.es\/gl\/wp-json\/wp\/v2\/media\/36328"}],"wp:attachment":[{"href":"https:\/\/www.plenussupermercados.es\/gl\/wp-json\/wp\/v2\/media?parent=36335"}],"wp:term":[{"taxonomy":"category","embeddable":true,"href":"https:\/\/www.plenussupermercados.es\/gl\/wp-json\/wp\/v2\/categories?post=36335"},{"taxonomy":"post_tag","embeddable":true,"href":"https:\/\/www.plenussupermercados.es\/gl\/wp-json\/wp\/v2\/tags?post=36335"}],"curies":[{"name":"wp","href":"https:\/\/api.w.org\/{rel}","templated":true}]}}