{"id":39648,"date":"2024-11-21T16:38:13","date_gmt":"2024-11-21T15:38:13","guid":{"rendered":"https:\/\/www.plenussupermercados.es\/\/?p=39648"},"modified":"2024-12-26T12:18:13","modified_gmt":"2024-12-26T11:18:13","slug":"chega-o-catalogo-especial-seleccion-de-nadal-de-grupo-cuevas-2","status":"publish","type":"post","link":"https:\/\/www.plenussupermercados.es\/gl\/2024\/11\/21\/chega-o-catalogo-especial-seleccion-de-nadal-de-grupo-cuevas-2\/","title":{"rendered":"OS NENOS E NENAS DO COLEXIO LABOR VISITAN PLENUS CAMELIAS"},"content":{"rendered":"\t\t<div data-elementor-type=\"wp-post\" data-elementor-id=\"39648\" class=\"elementor elementor-39648 elementor-39647\" data-elementor-post-type=\"post\">\n\t\t\t\t\t\t<section class=\"elementor-section elementor-top-section elementor-element elementor-element-9d0ea07 elementor-section-boxed elementor-section-height-default elementor-section-height-default\" data-id=\"9d0ea07\" data-element_type=\"section\" data-e-type=\"section\">\n\t\t\t\t\t\t<div class=\"elementor-container elementor-column-gap-default\">\n\t\t\t\t\t<div class=\"elementor-column elementor-col-100 elementor-top-column elementor-element elementor-element-478c242\" data-id=\"478c242\" data-element_type=\"column\" data-e-type=\"column\">\n\t\t\t<div class=\"elementor-widget-wrap elementor-element-populated\">\n\t\t\t\t\t\t<div class=\"elementor-element elementor-element-b435cbd elementor-widget elementor-widget-text-editor\" data-id=\"b435cbd\" data-element_type=\"widget\" data-e-type=\"widget\" data-widget_type=\"text-editor.default\">\n\t\t\t\t<div class=\"elementor-widget-container\">\n\t\t\t\t\t\t\t\t\t<p><span data-contrast=\"none\">Durante a ma\u00f1\u00e1 do 20 de novembro, o equipo de Plenus Camelias, en Vigo, acolleu a visita do alumnado de 1\u00ba de primaria do Colexio Labor. Os pequenos tiveron a oportunidade de descubrir todo o que fai \u00fanico a este supermercado do barrio vigu\u00e9s en d\u00faas quendas.\u00a0\u00a0<\/span><span data-ccp-props=\"{}\">\u00a0<\/span><\/p>\n<p><span data-contrast=\"none\">Desde Grupo Cuevas apreciamos e apoiamos a importancia de que os nenos e nenas co\u00f1ezan e valoren a s\u00faa contorna. Durante a visita exploraron as secci\u00f3ns de produto fresco como a peixar\u00eda, a fruter\u00eda e a carnicer\u00eda, aprendendo en cada parada de onde ve\u00f1en todos eses alimentos que chegan \u00e1 neveira das s\u00faas casas. Como sempre, esta visita foi unha experiencia moi enriquecedora tanto para eles como para n\u00f3s.<\/span><span data-ccp-props=\"{}\">\u00a0<\/span><\/p>\n\t\t\t\t\t\t\t\t<\/div>\n\t\t\t\t<\/div>\n\t\t\t\t\t<\/div>\n\t\t<\/div>\n\t\t\t\t\t<\/div>\n\t\t<\/section>\n\t\t\t\t<section class=\"elementor-section elementor-top-section elementor-element elementor-element-6054130 elementor-section-boxed elementor-section-height-default elementor-section-height-default\" data-id=\"6054130\" data-element_type=\"section\" data-e-type=\"section\">\n\t\t\t\t\t\t<div class=\"elementor-container elementor-column-gap-default\">\n\t\t\t\t\t<div class=\"elementor-column elementor-col-50 elementor-top-column elementor-element elementor-element-6654f85\" data-id=\"6654f85\" data-element_type=\"column\" data-e-type=\"column\">\n\t\t\t<div class=\"elementor-widget-wrap elementor-element-populated\">\n\t\t\t\t\t\t<div class=\"elementor-element elementor-element-fb38c76 elementor-widget elementor-widget-image\" data-id=\"fb38c76\" data-element_type=\"widget\" data-e-type=\"widget\" data-widget_type=\"image.default\">\n\t\t\t\t<div class=\"elementor-widget-container\">\n\t\t\t\t\t\t\t\t\t\t\t\t\t\t\t<img fetchpriority=\"high\" decoding=\"async\" width=\"1200\" height=\"1600\" src=\"https:\/\/www.plenussupermercados.es\/wp-content\/uploads\/2024\/11\/1-e1732203681895.jpeg\" class=\"attachment-full size-full wp-image-39656\" alt=\"\" \/>\t\t\t\t\t\t\t\t\t\t\t\t\t\t\t<\/div>\n\t\t\t\t<\/div>\n\t\t\t\t\t<\/div>\n\t\t<\/div>\n\t\t\t\t<div class=\"elementor-column elementor-col-50 elementor-top-column elementor-element elementor-element-f6513f2\" data-id=\"f6513f2\" data-element_type=\"column\" data-e-type=\"column\">\n\t\t\t<div class=\"elementor-widget-wrap elementor-element-populated\">\n\t\t\t\t\t\t<div class=\"elementor-element elementor-element-8297e9d elementor-widget elementor-widget-image\" data-id=\"8297e9d\" data-element_type=\"widget\" data-e-type=\"widget\" data-widget_type=\"image.default\">\n\t\t\t\t<div class=\"elementor-widget-container\">\n\t\t\t\t\t\t\t\t\t\t\t\t\t\t\t<img decoding=\"async\" width=\"1600\" height=\"1200\" src=\"https:\/\/www.plenussupermercados.es\/wp-content\/uploads\/2024\/11\/3.jpeg\" class=\"attachment-full size-full wp-image-39659\" alt=\"\" srcset=\"https:\/\/www.plenussupermercados.es\/wp-content\/uploads\/2024\/11\/3.jpeg 1600w, https:\/\/www.plenussupermercados.es\/wp-content\/uploads\/2024\/11\/3-300x225.jpeg 300w, https:\/\/www.plenussupermercados.es\/wp-content\/uploads\/2024\/11\/3-1024x768.jpeg 1024w, https:\/\/www.plenussupermercados.es\/wp-content\/uploads\/2024\/11\/3-768x576.jpeg 768w, https:\/\/www.plenussupermercados.es\/wp-content\/uploads\/2024\/11\/3-1536x1152.jpeg 1536w, https:\/\/www.plenussupermercados.es\/wp-content\/uploads\/2024\/11\/3-500x375.jpeg 500w\" sizes=\"(max-width: 1600px) 100vw, 1600px\" \/>\t\t\t\t\t\t\t\t\t\t\t\t\t\t\t<\/div>\n\t\t\t\t<\/div>\n\t\t\t\t\t<\/div>\n\t\t<\/div>\n\t\t\t\t\t<\/div>\n\t\t<\/section>\n\t\t\t\t<\/div>\n\t\t","protected":false},"excerpt":{"rendered":"<p>Durante a ma\u00f1\u00e1 do 20 de novembro, o equipo de Plenus Camelias, en Vigo, acolleu a visita do alumnado de 1\u00ba de primaria do Colexio Labor. Os pequenos tiveron a oportunidade de descubrir todo o que fai \u00fanico a este supermercado do barrio vigu\u00e9s en d\u00faas quendas.\u00a0\u00a0\u00a0 Desde Grupo Cuevas apreciamos e apoiamos a importancia&hellip;<\/p>\n","protected":false},"author":3,"featured_media":39671,"comment_status":"closed","ping_status":"closed","sticky":false,"template":"","format":"standard","meta":{"_acf_changed":false,"wprm-recipe-roundup-name":"","wprm-recipe-roundup-description":"","footnotes":""},"categories":[1031],"tags":[],"class_list":["post-39648","post","type-post","status-publish","format-standard","has-post-thumbnail","hentry","category-novas"],"acf":[],"yoast_head":"<!-- This site is optimized with the Yoast SEO plugin v27.5 - https:\/\/yoast.com\/product\/yoast-seo-wordpress\/ -->\n<title>OS NENOS E NENAS DO COLEXIO LABOR VISITAN PLENUS CAMELIAS - Supermercados Plenus<\/title>\n<meta name=\"robots\" content=\"index, follow, max-snippet:-1, max-image-preview:large, max-video-preview:-1\" \/>\n<link rel=\"canonical\" href=\"https:\/\/www.plenussupermercados.es\/gl\/2024\/11\/21\/chega-o-catalogo-especial-seleccion-de-nadal-de-grupo-cuevas-2\/\" \/>\n<meta property=\"og:locale\" content=\"gl_ES\" \/>\n<meta property=\"og:type\" content=\"article\" \/>\n<meta property=\"og:title\" content=\"OS NENOS E NENAS DO COLEXIO LABOR VISITAN PLENUS CAMELIAS - Supermercados Plenus\" \/>\n<meta property=\"og:description\" content=\"Durante a ma\u00f1\u00e1 do 20 de novembro, o equipo de Plenus Camelias, en Vigo, acolleu a visita do alumnado de 1\u00ba de primaria do Colexio Labor. Os pequenos tiveron a oportunidade de descubrir todo o que fai \u00fanico a este supermercado do barrio vigu\u00e9s en d\u00faas quendas.\u00a0\u00a0\u00a0 Desde Grupo Cuevas apreciamos e apoiamos a importancia&hellip;\" \/>\n<meta property=\"og:url\" content=\"https:\/\/www.plenussupermercados.es\/gl\/2024\/11\/21\/chega-o-catalogo-especial-seleccion-de-nadal-de-grupo-cuevas-2\/\" \/>\n<meta property=\"og:site_name\" content=\"Supermercados Plenus\" \/>\n<meta property=\"article:published_time\" content=\"2024-11-21T15:38:13+00:00\" \/>\n<meta property=\"article:modified_time\" content=\"2024-12-26T11:18:13+00:00\" \/>\n<meta property=\"og:image\" content=\"https:\/\/www.plenussupermercados.es\/wp-content\/uploads\/2024\/11\/colegio-labor.jpg\" \/>\n\t<meta property=\"og:image:width\" content=\"1080\" \/>\n\t<meta property=\"og:image:height\" content=\"1080\" \/>\n\t<meta property=\"og:image:type\" content=\"image\/jpeg\" \/>\n<meta name=\"author\" content=\"Marketing\" \/>\n<meta name=\"twitter:card\" content=\"summary_large_image\" \/>\n<meta name=\"twitter:label1\" content=\"Escrito por\" \/>\n\t<meta name=\"twitter:data1\" content=\"Marketing\" \/>\n\t<meta name=\"twitter:label2\" content=\"Tempo de lectura\" \/>\n\t<meta name=\"twitter:data2\" content=\"2 minutos\" \/>\n<script type=\"application\/ld+json\" class=\"yoast-schema-graph\">{\"@context\":\"https:\\\/\\\/schema.org\",\"@graph\":[{\"@type\":\"Article\",\"@id\":\"https:\\\/\\\/www.plenussupermercados.es\\\/gl\\\/2024\\\/11\\\/21\\\/chega-o-catalogo-especial-seleccion-de-nadal-de-grupo-cuevas-2\\\/#article\",\"isPartOf\":{\"@id\":\"https:\\\/\\\/www.plenussupermercados.es\\\/gl\\\/2024\\\/11\\\/21\\\/chega-o-catalogo-especial-seleccion-de-nadal-de-grupo-cuevas-2\\\/\"},\"author\":{\"name\":\"Marketing\",\"@id\":\"https:\\\/\\\/www.plenussupermercados.es\\\/gl\\\/#\\\/schema\\\/person\\\/2d8adef7bb20264c2a1d2f5afc6559a1\"},\"headline\":\"OS NENOS E NENAS DO COLEXIO LABOR VISITAN PLENUS CAMELIAS\",\"datePublished\":\"2024-11-21T15:38:13+00:00\",\"dateModified\":\"2024-12-26T11:18:13+00:00\",\"mainEntityOfPage\":{\"@id\":\"https:\\\/\\\/www.plenussupermercados.es\\\/gl\\\/2024\\\/11\\\/21\\\/chega-o-catalogo-especial-seleccion-de-nadal-de-grupo-cuevas-2\\\/\"},\"wordCount\":134,\"publisher\":{\"@id\":\"https:\\\/\\\/www.plenussupermercados.es\\\/gl\\\/#organization\"},\"image\":{\"@id\":\"https:\\\/\\\/www.plenussupermercados.es\\\/gl\\\/2024\\\/11\\\/21\\\/chega-o-catalogo-especial-seleccion-de-nadal-de-grupo-cuevas-2\\\/#primaryimage\"},\"thumbnailUrl\":\"https:\\\/\\\/www.plenussupermercados.es\\\/wp-content\\\/uploads\\\/2024\\\/11\\\/colegio-labor.jpg\",\"articleSection\":[\"Novas\"],\"inLanguage\":\"gl-ES\"},{\"@type\":\"WebPage\",\"@id\":\"https:\\\/\\\/www.plenussupermercados.es\\\/gl\\\/2024\\\/11\\\/21\\\/chega-o-catalogo-especial-seleccion-de-nadal-de-grupo-cuevas-2\\\/\",\"url\":\"https:\\\/\\\/www.plenussupermercados.es\\\/gl\\\/2024\\\/11\\\/21\\\/chega-o-catalogo-especial-seleccion-de-nadal-de-grupo-cuevas-2\\\/\",\"name\":\"OS NENOS E NENAS DO COLEXIO LABOR VISITAN PLENUS CAMELIAS - Supermercados Plenus\",\"isPartOf\":{\"@id\":\"https:\\\/\\\/www.plenussupermercados.es\\\/gl\\\/#website\"},\"primaryImageOfPage\":{\"@id\":\"https:\\\/\\\/www.plenussupermercados.es\\\/gl\\\/2024\\\/11\\\/21\\\/chega-o-catalogo-especial-seleccion-de-nadal-de-grupo-cuevas-2\\\/#primaryimage\"},\"image\":{\"@id\":\"https:\\\/\\\/www.plenussupermercados.es\\\/gl\\\/2024\\\/11\\\/21\\\/chega-o-catalogo-especial-seleccion-de-nadal-de-grupo-cuevas-2\\\/#primaryimage\"},\"thumbnailUrl\":\"https:\\\/\\\/www.plenussupermercados.es\\\/wp-content\\\/uploads\\\/2024\\\/11\\\/colegio-labor.jpg\",\"datePublished\":\"2024-11-21T15:38:13+00:00\",\"dateModified\":\"2024-12-26T11:18:13+00:00\",\"breadcrumb\":{\"@id\":\"https:\\\/\\\/www.plenussupermercados.es\\\/gl\\\/2024\\\/11\\\/21\\\/chega-o-catalogo-especial-seleccion-de-nadal-de-grupo-cuevas-2\\\/#breadcrumb\"},\"inLanguage\":\"gl-ES\",\"potentialAction\":[{\"@type\":\"ReadAction\",\"target\":[\"https:\\\/\\\/www.plenussupermercados.es\\\/gl\\\/2024\\\/11\\\/21\\\/chega-o-catalogo-especial-seleccion-de-nadal-de-grupo-cuevas-2\\\/\"]}]},{\"@type\":\"ImageObject\",\"inLanguage\":\"gl-ES\",\"@id\":\"https:\\\/\\\/www.plenussupermercados.es\\\/gl\\\/2024\\\/11\\\/21\\\/chega-o-catalogo-especial-seleccion-de-nadal-de-grupo-cuevas-2\\\/#primaryimage\",\"url\":\"https:\\\/\\\/www.plenussupermercados.es\\\/wp-content\\\/uploads\\\/2024\\\/11\\\/colegio-labor.jpg\",\"contentUrl\":\"https:\\\/\\\/www.plenussupermercados.es\\\/wp-content\\\/uploads\\\/2024\\\/11\\\/colegio-labor.jpg\",\"width\":1080,\"height\":1080},{\"@type\":\"BreadcrumbList\",\"@id\":\"https:\\\/\\\/www.plenussupermercados.es\\\/gl\\\/2024\\\/11\\\/21\\\/chega-o-catalogo-especial-seleccion-de-nadal-de-grupo-cuevas-2\\\/#breadcrumb\",\"itemListElement\":[{\"@type\":\"ListItem\",\"position\":1,\"name\":\"Portada\",\"item\":\"https:\\\/\\\/www.plenussupermercados.es\\\/gl\\\/\"},{\"@type\":\"ListItem\",\"position\":2,\"name\":\"OS NENOS E NENAS DO COLEXIO LABOR VISITAN PLENUS CAMELIAS\"}]},{\"@type\":\"WebSite\",\"@id\":\"https:\\\/\\\/www.plenussupermercados.es\\\/gl\\\/#website\",\"url\":\"https:\\\/\\\/www.plenussupermercados.es\\\/gl\\\/\",\"name\":\"Supermercados Plenus\",\"description\":\"\",\"publisher\":{\"@id\":\"https:\\\/\\\/www.plenussupermercados.es\\\/gl\\\/#organization\"},\"potentialAction\":[{\"@type\":\"SearchAction\",\"target\":{\"@type\":\"EntryPoint\",\"urlTemplate\":\"https:\\\/\\\/www.plenussupermercados.es\\\/gl\\\/?s={search_term_string}\"},\"query-input\":{\"@type\":\"PropertyValueSpecification\",\"valueRequired\":true,\"valueName\":\"search_term_string\"}}],\"inLanguage\":\"gl-ES\"},{\"@type\":\"Organization\",\"@id\":\"https:\\\/\\\/www.plenussupermercados.es\\\/gl\\\/#organization\",\"name\":\"Supermercados Plenus\",\"url\":\"https:\\\/\\\/www.plenussupermercados.es\\\/gl\\\/\",\"logo\":{\"@type\":\"ImageObject\",\"inLanguage\":\"gl-ES\",\"@id\":\"https:\\\/\\\/www.plenussupermercados.es\\\/gl\\\/#\\\/schema\\\/logo\\\/image\\\/\",\"url\":\"https:\\\/\\\/www.plenussupermercados.es\\\/wp-content\\\/uploads\\\/2024\\\/01\\\/logo-plenus-supermercados.png\",\"contentUrl\":\"https:\\\/\\\/www.plenussupermercados.es\\\/wp-content\\\/uploads\\\/2024\\\/01\\\/logo-plenus-supermercados.png\",\"width\":232,\"height\":57,\"caption\":\"Supermercados Plenus\"},\"image\":{\"@id\":\"https:\\\/\\\/www.plenussupermercados.es\\\/gl\\\/#\\\/schema\\\/logo\\\/image\\\/\"}},{\"@type\":\"Person\",\"@id\":\"https:\\\/\\\/www.plenussupermercados.es\\\/gl\\\/#\\\/schema\\\/person\\\/2d8adef7bb20264c2a1d2f5afc6559a1\",\"name\":\"Marketing\",\"image\":{\"@type\":\"ImageObject\",\"inLanguage\":\"gl-ES\",\"@id\":\"https:\\\/\\\/secure.gravatar.com\\\/avatar\\\/8ded354b39a8b0148f5b1dcf5d15c9851f7e014e20a66c5f23b7c2991bf714cd?s=96&d=mm&r=g\",\"url\":\"https:\\\/\\\/secure.gravatar.com\\\/avatar\\\/8ded354b39a8b0148f5b1dcf5d15c9851f7e014e20a66c5f23b7c2991bf714cd?s=96&d=mm&r=g\",\"contentUrl\":\"https:\\\/\\\/secure.gravatar.com\\\/avatar\\\/8ded354b39a8b0148f5b1dcf5d15c9851f7e014e20a66c5f23b7c2991bf714cd?s=96&d=mm&r=g\",\"caption\":\"Marketing\"}}]}<\/script>\n<!-- \/ Yoast SEO plugin. -->","yoast_head_json":{"title":"OS NENOS E NENAS DO COLEXIO LABOR VISITAN PLENUS CAMELIAS - Supermercados Plenus","robots":{"index":"index","follow":"follow","max-snippet":"max-snippet:-1","max-image-preview":"max-image-preview:large","max-video-preview":"max-video-preview:-1"},"canonical":"https:\/\/www.plenussupermercados.es\/gl\/2024\/11\/21\/chega-o-catalogo-especial-seleccion-de-nadal-de-grupo-cuevas-2\/","og_locale":"gl_ES","og_type":"article","og_title":"OS NENOS E NENAS DO COLEXIO LABOR VISITAN PLENUS CAMELIAS - Supermercados Plenus","og_description":"Durante a ma\u00f1\u00e1 do 20 de novembro, o equipo de Plenus Camelias, en Vigo, acolleu a visita do alumnado de 1\u00ba de primaria do Colexio Labor. Os pequenos tiveron a oportunidade de descubrir todo o que fai \u00fanico a este supermercado do barrio vigu\u00e9s en d\u00faas quendas.\u00a0\u00a0\u00a0 Desde Grupo Cuevas apreciamos e apoiamos a importancia&hellip;","og_url":"https:\/\/www.plenussupermercados.es\/gl\/2024\/11\/21\/chega-o-catalogo-especial-seleccion-de-nadal-de-grupo-cuevas-2\/","og_site_name":"Supermercados Plenus","article_published_time":"2024-11-21T15:38:13+00:00","article_modified_time":"2024-12-26T11:18:13+00:00","og_image":[{"width":1080,"height":1080,"url":"https:\/\/www.plenussupermercados.es\/wp-content\/uploads\/2024\/11\/colegio-labor.jpg","type":"image\/jpeg"}],"author":"Marketing","twitter_card":"summary_large_image","twitter_misc":{"Escrito por":"Marketing","Tempo de lectura":"2 minutos"},"schema":{"@context":"https:\/\/schema.org","@graph":[{"@type":"Article","@id":"https:\/\/www.plenussupermercados.es\/gl\/2024\/11\/21\/chega-o-catalogo-especial-seleccion-de-nadal-de-grupo-cuevas-2\/#article","isPartOf":{"@id":"https:\/\/www.plenussupermercados.es\/gl\/2024\/11\/21\/chega-o-catalogo-especial-seleccion-de-nadal-de-grupo-cuevas-2\/"},"author":{"name":"Marketing","@id":"https:\/\/www.plenussupermercados.es\/gl\/#\/schema\/person\/2d8adef7bb20264c2a1d2f5afc6559a1"},"headline":"OS NENOS E NENAS DO COLEXIO LABOR VISITAN PLENUS CAMELIAS","datePublished":"2024-11-21T15:38:13+00:00","dateModified":"2024-12-26T11:18:13+00:00","mainEntityOfPage":{"@id":"https:\/\/www.plenussupermercados.es\/gl\/2024\/11\/21\/chega-o-catalogo-especial-seleccion-de-nadal-de-grupo-cuevas-2\/"},"wordCount":134,"publisher":{"@id":"https:\/\/www.plenussupermercados.es\/gl\/#organization"},"image":{"@id":"https:\/\/www.plenussupermercados.es\/gl\/2024\/11\/21\/chega-o-catalogo-especial-seleccion-de-nadal-de-grupo-cuevas-2\/#primaryimage"},"thumbnailUrl":"https:\/\/www.plenussupermercados.es\/wp-content\/uploads\/2024\/11\/colegio-labor.jpg","articleSection":["Novas"],"inLanguage":"gl-ES"},{"@type":"WebPage","@id":"https:\/\/www.plenussupermercados.es\/gl\/2024\/11\/21\/chega-o-catalogo-especial-seleccion-de-nadal-de-grupo-cuevas-2\/","url":"https:\/\/www.plenussupermercados.es\/gl\/2024\/11\/21\/chega-o-catalogo-especial-seleccion-de-nadal-de-grupo-cuevas-2\/","name":"OS NENOS E NENAS DO COLEXIO LABOR VISITAN PLENUS CAMELIAS - Supermercados Plenus","isPartOf":{"@id":"https:\/\/www.plenussupermercados.es\/gl\/#website"},"primaryImageOfPage":{"@id":"https:\/\/www.plenussupermercados.es\/gl\/2024\/11\/21\/chega-o-catalogo-especial-seleccion-de-nadal-de-grupo-cuevas-2\/#primaryimage"},"image":{"@id":"https:\/\/www.plenussupermercados.es\/gl\/2024\/11\/21\/chega-o-catalogo-especial-seleccion-de-nadal-de-grupo-cuevas-2\/#primaryimage"},"thumbnailUrl":"https:\/\/www.plenussupermercados.es\/wp-content\/uploads\/2024\/11\/colegio-labor.jpg","datePublished":"2024-11-21T15:38:13+00:00","dateModified":"2024-12-26T11:18:13+00:00","breadcrumb":{"@id":"https:\/\/www.plenussupermercados.es\/gl\/2024\/11\/21\/chega-o-catalogo-especial-seleccion-de-nadal-de-grupo-cuevas-2\/#breadcrumb"},"inLanguage":"gl-ES","potentialAction":[{"@type":"ReadAction","target":["https:\/\/www.plenussupermercados.es\/gl\/2024\/11\/21\/chega-o-catalogo-especial-seleccion-de-nadal-de-grupo-cuevas-2\/"]}]},{"@type":"ImageObject","inLanguage":"gl-ES","@id":"https:\/\/www.plenussupermercados.es\/gl\/2024\/11\/21\/chega-o-catalogo-especial-seleccion-de-nadal-de-grupo-cuevas-2\/#primaryimage","url":"https:\/\/www.plenussupermercados.es\/wp-content\/uploads\/2024\/11\/colegio-labor.jpg","contentUrl":"https:\/\/www.plenussupermercados.es\/wp-content\/uploads\/2024\/11\/colegio-labor.jpg","width":1080,"height":1080},{"@type":"BreadcrumbList","@id":"https:\/\/www.plenussupermercados.es\/gl\/2024\/11\/21\/chega-o-catalogo-especial-seleccion-de-nadal-de-grupo-cuevas-2\/#breadcrumb","itemListElement":[{"@type":"ListItem","position":1,"name":"Portada","item":"https:\/\/www.plenussupermercados.es\/gl\/"},{"@type":"ListItem","position":2,"name":"OS NENOS E NENAS DO COLEXIO LABOR VISITAN PLENUS CAMELIAS"}]},{"@type":"WebSite","@id":"https:\/\/www.plenussupermercados.es\/gl\/#website","url":"https:\/\/www.plenussupermercados.es\/gl\/","name":"Supermercados Plenus","description":"","publisher":{"@id":"https:\/\/www.plenussupermercados.es\/gl\/#organization"},"potentialAction":[{"@type":"SearchAction","target":{"@type":"EntryPoint","urlTemplate":"https:\/\/www.plenussupermercados.es\/gl\/?s={search_term_string}"},"query-input":{"@type":"PropertyValueSpecification","valueRequired":true,"valueName":"search_term_string"}}],"inLanguage":"gl-ES"},{"@type":"Organization","@id":"https:\/\/www.plenussupermercados.es\/gl\/#organization","name":"Supermercados Plenus","url":"https:\/\/www.plenussupermercados.es\/gl\/","logo":{"@type":"ImageObject","inLanguage":"gl-ES","@id":"https:\/\/www.plenussupermercados.es\/gl\/#\/schema\/logo\/image\/","url":"https:\/\/www.plenussupermercados.es\/wp-content\/uploads\/2024\/01\/logo-plenus-supermercados.png","contentUrl":"https:\/\/www.plenussupermercados.es\/wp-content\/uploads\/2024\/01\/logo-plenus-supermercados.png","width":232,"height":57,"caption":"Supermercados Plenus"},"image":{"@id":"https:\/\/www.plenussupermercados.es\/gl\/#\/schema\/logo\/image\/"}},{"@type":"Person","@id":"https:\/\/www.plenussupermercados.es\/gl\/#\/schema\/person\/2d8adef7bb20264c2a1d2f5afc6559a1","name":"Marketing","image":{"@type":"ImageObject","inLanguage":"gl-ES","@id":"https:\/\/secure.gravatar.com\/avatar\/8ded354b39a8b0148f5b1dcf5d15c9851f7e014e20a66c5f23b7c2991bf714cd?s=96&d=mm&r=g","url":"https:\/\/secure.gravatar.com\/avatar\/8ded354b39a8b0148f5b1dcf5d15c9851f7e014e20a66c5f23b7c2991bf714cd?s=96&d=mm&r=g","contentUrl":"https:\/\/secure.gravatar.com\/avatar\/8ded354b39a8b0148f5b1dcf5d15c9851f7e014e20a66c5f23b7c2991bf714cd?s=96&d=mm&r=g","caption":"Marketing"}}]}},"_links":{"self":[{"href":"https:\/\/www.plenussupermercados.es\/gl\/wp-json\/wp\/v2\/posts\/39648","targetHints":{"allow":["GET"]}}],"collection":[{"href":"https:\/\/www.plenussupermercados.es\/gl\/wp-json\/wp\/v2\/posts"}],"about":[{"href":"https:\/\/www.plenussupermercados.es\/gl\/wp-json\/wp\/v2\/types\/post"}],"author":[{"embeddable":true,"href":"https:\/\/www.plenussupermercados.es\/gl\/wp-json\/wp\/v2\/users\/3"}],"replies":[{"embeddable":true,"href":"https:\/\/www.plenussupermercados.es\/gl\/wp-json\/wp\/v2\/comments?post=39648"}],"version-history":[{"count":4,"href":"https:\/\/www.plenussupermercados.es\/gl\/wp-json\/wp\/v2\/posts\/39648\/revisions"}],"predecessor-version":[{"id":39668,"href":"https:\/\/www.plenussupermercados.es\/gl\/wp-json\/wp\/v2\/posts\/39648\/revisions\/39668"}],"wp:featuredmedia":[{"embeddable":true,"href":"https:\/\/www.plenussupermercados.es\/gl\/wp-json\/wp\/v2\/media\/39671"}],"wp:attachment":[{"href":"https:\/\/www.plenussupermercados.es\/gl\/wp-json\/wp\/v2\/media?parent=39648"}],"wp:term":[{"taxonomy":"category","embeddable":true,"href":"https:\/\/www.plenussupermercados.es\/gl\/wp-json\/wp\/v2\/categories?post=39648"},{"taxonomy":"post_tag","embeddable":true,"href":"https:\/\/www.plenussupermercados.es\/gl\/wp-json\/wp\/v2\/tags?post=39648"}],"curies":[{"name":"wp","href":"https:\/\/api.w.org\/{rel}","templated":true}]}}