{"id":41115,"date":"2025-02-10T15:35:39","date_gmt":"2025-02-10T14:35:39","guid":{"rendered":"https:\/\/www.plenussupermercados.es\/\/?p=41115"},"modified":"2025-02-10T15:49:13","modified_gmt":"2025-02-10T14:49:13","slug":"comprometidos-coa-formacion-profesional-en-plenus-curtis","status":"publish","type":"post","link":"https:\/\/www.plenussupermercados.es\/gl\/2025\/02\/10\/comprometidos-coa-formacion-profesional-en-plenus-curtis\/","title":{"rendered":"OS M\u00c1IS PEQUES DO COLEXIO LABOR VISITAN PLENUS CAMELIAS"},"content":{"rendered":"\t\t<div data-elementor-type=\"wp-post\" data-elementor-id=\"41115\" class=\"elementor elementor-41115 elementor-41114\" data-elementor-post-type=\"post\">\n\t\t\t\t\t\t<section class=\"elementor-section elementor-top-section elementor-element elementor-element-9d0ea07 elementor-section-boxed elementor-section-height-default elementor-section-height-default\" data-id=\"9d0ea07\" data-element_type=\"section\" data-e-type=\"section\">\n\t\t\t\t\t\t<div class=\"elementor-container elementor-column-gap-default\">\n\t\t\t\t\t<div class=\"elementor-column elementor-col-100 elementor-top-column elementor-element elementor-element-478c242\" data-id=\"478c242\" data-element_type=\"column\" data-e-type=\"column\">\n\t\t\t<div class=\"elementor-widget-wrap elementor-element-populated\">\n\t\t\t\t\t\t<div class=\"elementor-element elementor-element-3dfd20e elementor-widget elementor-widget-text-editor\" data-id=\"3dfd20e\" data-element_type=\"widget\" data-e-type=\"widget\" data-widget_type=\"text-editor.default\">\n\t\t\t\t<div class=\"elementor-widget-container\">\n\t\t\t\t\t\t\t\t\t<p>Promocionar a alimentaci\u00f3n saudable \u00e9 unha misi\u00f3n que debe comezarse na infancia, e o pasado m\u00e9rcores tivemos a gran oportunidade de compartir este compromiso cos m\u00e1is pequenos do Colexio Labor, na nosa tenda Plenus Camelias, en Vigo. O noso equipo da tenda recibiu con entusiasmo aos alumnos de 3 anos, nunha visita na que exploraron o mundo dos alimentos m\u00e1is frescos e saudables.<\/p>\n<p>Ao longo dun percorrido polas nosas secci\u00f3ns de carnicer\u00eda, peixar\u00eda, charcuter\u00eda e fruter\u00eda, p\u00e9quelos tiveron a oportunidade de descubrir os produtos esenciais da Dieta Atl\u00e1ntico Galega, co\u00f1ecendo a s\u00faa orixe, caracter\u00edsticas e beneficios. Para n\u00f3s, \u00e9 fundamental que os futuros consumidores estean ben informados, xa que isto permitiralles valorar e elixir de maneira consciente os produtos frescos e de proximidade, contribu\u00edndo a unha alimentaci\u00f3n m\u00e1is saudable e responsable. Os s\u00faper de proximidade non s\u00f3 achegan os mellores produtos, sen\u00f3n que tam\u00e9n crean comunidade, fomentan h\u00e1bitos saudables e educan desde a proximidade.<\/p>\n\t\t\t\t\t\t\t\t<\/div>\n\t\t\t\t<\/div>\n\t\t\t\t\t<\/div>\n\t\t<\/div>\n\t\t\t\t\t<\/div>\n\t\t<\/section>\n\t\t\t\t<\/div>\n\t\t","protected":false},"excerpt":{"rendered":"<p>Promocionar a alimentaci\u00f3n saudable \u00e9 unha misi\u00f3n que debe comezarse na infancia, e o pasado m\u00e9rcores tivemos a gran oportunidade de compartir este compromiso cos m\u00e1is pequenos do Colexio Labor, na nosa tenda Plenus Camelias, en Vigo. O noso equipo da tenda recibiu con entusiasmo aos alumnos de 3 anos, nunha visita na que exploraron&hellip;<\/p>\n","protected":false},"author":3,"featured_media":41120,"comment_status":"closed","ping_status":"closed","sticky":false,"template":"","format":"standard","meta":{"_acf_changed":false,"wprm-recipe-roundup-name":"","wprm-recipe-roundup-description":"","footnotes":""},"categories":[1031],"tags":[],"class_list":["post-41115","post","type-post","status-publish","format-standard","has-post-thumbnail","hentry","category-novas"],"acf":[],"yoast_head":"<!-- This site is optimized with the Yoast SEO plugin v27.5 - https:\/\/yoast.com\/product\/yoast-seo-wordpress\/ -->\n<title>OS M\u00c1IS PEQUES DO COLEXIO LABOR VISITAN PLENUS CAMELIAS - Supermercados Plenus %<\/title>\n<meta name=\"robots\" content=\"index, follow, max-snippet:-1, max-image-preview:large, max-video-preview:-1\" \/>\n<link rel=\"canonical\" href=\"https:\/\/www.plenussupermercados.es\/gl\/2025\/02\/10\/comprometidos-coa-formacion-profesional-en-plenus-curtis\/\" \/>\n<meta property=\"og:locale\" content=\"gl_ES\" \/>\n<meta property=\"og:type\" content=\"article\" \/>\n<meta property=\"og:title\" content=\"OS M\u00c1IS PEQUES DO COLEXIO LABOR VISITAN PLENUS CAMELIAS - Supermercados Plenus %\" \/>\n<meta property=\"og:description\" content=\"Promocionar a alimentaci\u00f3n saudable \u00e9 unha misi\u00f3n que debe comezarse na infancia, e o pasado m\u00e9rcores tivemos a gran oportunidade de compartir este compromiso cos m\u00e1is pequenos do Colexio Labor, na nosa tenda Plenus Camelias, en Vigo. O noso equipo da tenda recibiu con entusiasmo aos alumnos de 3 anos, nunha visita na que exploraron&hellip;\" \/>\n<meta property=\"og:url\" content=\"https:\/\/www.plenussupermercados.es\/gl\/2025\/02\/10\/comprometidos-coa-formacion-profesional-en-plenus-curtis\/\" \/>\n<meta property=\"og:site_name\" content=\"Supermercados Plenus\" \/>\n<meta property=\"article:published_time\" content=\"2025-02-10T14:35:39+00:00\" \/>\n<meta property=\"article:modified_time\" content=\"2025-02-10T14:49:13+00:00\" \/>\n<meta property=\"og:image\" content=\"https:\/\/www.plenussupermercados.es\/wp-content\/uploads\/2025\/02\/colegio-labor-camelias.jpeg\" \/>\n\t<meta property=\"og:image:width\" content=\"900\" \/>\n\t<meta property=\"og:image:height\" content=\"900\" \/>\n\t<meta property=\"og:image:type\" content=\"image\/jpeg\" \/>\n<meta name=\"author\" content=\"Marketing\" \/>\n<meta name=\"twitter:card\" content=\"summary_large_image\" \/>\n<meta name=\"twitter:label1\" content=\"Escrito por\" \/>\n\t<meta name=\"twitter:data1\" content=\"Marketing\" \/>\n\t<meta name=\"twitter:label2\" content=\"Tempo de lectura\" \/>\n\t<meta name=\"twitter:data2\" content=\"1 minuto\" \/>\n<script type=\"application\/ld+json\" class=\"yoast-schema-graph\">{\"@context\":\"https:\\\/\\\/schema.org\",\"@graph\":[{\"@type\":\"Article\",\"@id\":\"https:\\\/\\\/www.plenussupermercados.es\\\/gl\\\/2025\\\/02\\\/10\\\/comprometidos-coa-formacion-profesional-en-plenus-curtis\\\/#article\",\"isPartOf\":{\"@id\":\"https:\\\/\\\/www.plenussupermercados.es\\\/gl\\\/2025\\\/02\\\/10\\\/comprometidos-coa-formacion-profesional-en-plenus-curtis\\\/\"},\"author\":{\"name\":\"Marketing\",\"@id\":\"https:\\\/\\\/www.plenussupermercados.es\\\/gl\\\/#\\\/schema\\\/person\\\/2d8adef7bb20264c2a1d2f5afc6559a1\"},\"headline\":\"OS M\u00c1IS PEQUES DO COLEXIO LABOR VISITAN PLENUS CAMELIAS\",\"datePublished\":\"2025-02-10T14:35:39+00:00\",\"dateModified\":\"2025-02-10T14:49:13+00:00\",\"mainEntityOfPage\":{\"@id\":\"https:\\\/\\\/www.plenussupermercados.es\\\/gl\\\/2025\\\/02\\\/10\\\/comprometidos-coa-formacion-profesional-en-plenus-curtis\\\/\"},\"wordCount\":184,\"publisher\":{\"@id\":\"https:\\\/\\\/www.plenussupermercados.es\\\/gl\\\/#organization\"},\"image\":{\"@id\":\"https:\\\/\\\/www.plenussupermercados.es\\\/gl\\\/2025\\\/02\\\/10\\\/comprometidos-coa-formacion-profesional-en-plenus-curtis\\\/#primaryimage\"},\"thumbnailUrl\":\"https:\\\/\\\/www.plenussupermercados.es\\\/wp-content\\\/uploads\\\/2025\\\/02\\\/colegio-labor-camelias.jpeg\",\"articleSection\":[\"Novas\"],\"inLanguage\":\"gl-ES\"},{\"@type\":\"WebPage\",\"@id\":\"https:\\\/\\\/www.plenussupermercados.es\\\/gl\\\/2025\\\/02\\\/10\\\/comprometidos-coa-formacion-profesional-en-plenus-curtis\\\/\",\"url\":\"https:\\\/\\\/www.plenussupermercados.es\\\/gl\\\/2025\\\/02\\\/10\\\/comprometidos-coa-formacion-profesional-en-plenus-curtis\\\/\",\"name\":\"OS M\u00c1IS PEQUES DO COLEXIO LABOR VISITAN PLENUS CAMELIAS - Supermercados Plenus %\",\"isPartOf\":{\"@id\":\"https:\\\/\\\/www.plenussupermercados.es\\\/gl\\\/#website\"},\"primaryImageOfPage\":{\"@id\":\"https:\\\/\\\/www.plenussupermercados.es\\\/gl\\\/2025\\\/02\\\/10\\\/comprometidos-coa-formacion-profesional-en-plenus-curtis\\\/#primaryimage\"},\"image\":{\"@id\":\"https:\\\/\\\/www.plenussupermercados.es\\\/gl\\\/2025\\\/02\\\/10\\\/comprometidos-coa-formacion-profesional-en-plenus-curtis\\\/#primaryimage\"},\"thumbnailUrl\":\"https:\\\/\\\/www.plenussupermercados.es\\\/wp-content\\\/uploads\\\/2025\\\/02\\\/colegio-labor-camelias.jpeg\",\"datePublished\":\"2025-02-10T14:35:39+00:00\",\"dateModified\":\"2025-02-10T14:49:13+00:00\",\"breadcrumb\":{\"@id\":\"https:\\\/\\\/www.plenussupermercados.es\\\/gl\\\/2025\\\/02\\\/10\\\/comprometidos-coa-formacion-profesional-en-plenus-curtis\\\/#breadcrumb\"},\"inLanguage\":\"gl-ES\",\"potentialAction\":[{\"@type\":\"ReadAction\",\"target\":[\"https:\\\/\\\/www.plenussupermercados.es\\\/gl\\\/2025\\\/02\\\/10\\\/comprometidos-coa-formacion-profesional-en-plenus-curtis\\\/\"]}]},{\"@type\":\"ImageObject\",\"inLanguage\":\"gl-ES\",\"@id\":\"https:\\\/\\\/www.plenussupermercados.es\\\/gl\\\/2025\\\/02\\\/10\\\/comprometidos-coa-formacion-profesional-en-plenus-curtis\\\/#primaryimage\",\"url\":\"https:\\\/\\\/www.plenussupermercados.es\\\/wp-content\\\/uploads\\\/2025\\\/02\\\/colegio-labor-camelias.jpeg\",\"contentUrl\":\"https:\\\/\\\/www.plenussupermercados.es\\\/wp-content\\\/uploads\\\/2025\\\/02\\\/colegio-labor-camelias.jpeg\",\"width\":900,\"height\":900},{\"@type\":\"BreadcrumbList\",\"@id\":\"https:\\\/\\\/www.plenussupermercados.es\\\/gl\\\/2025\\\/02\\\/10\\\/comprometidos-coa-formacion-profesional-en-plenus-curtis\\\/#breadcrumb\",\"itemListElement\":[{\"@type\":\"ListItem\",\"position\":1,\"name\":\"Portada\",\"item\":\"https:\\\/\\\/www.plenussupermercados.es\\\/gl\\\/\"},{\"@type\":\"ListItem\",\"position\":2,\"name\":\"OS M\u00c1IS PEQUES DO COLEXIO LABOR VISITAN PLENUS CAMELIAS\"}]},{\"@type\":\"WebSite\",\"@id\":\"https:\\\/\\\/www.plenussupermercados.es\\\/gl\\\/#website\",\"url\":\"https:\\\/\\\/www.plenussupermercados.es\\\/gl\\\/\",\"name\":\"Supermercados Plenus\",\"description\":\"\",\"publisher\":{\"@id\":\"https:\\\/\\\/www.plenussupermercados.es\\\/gl\\\/#organization\"},\"potentialAction\":[{\"@type\":\"SearchAction\",\"target\":{\"@type\":\"EntryPoint\",\"urlTemplate\":\"https:\\\/\\\/www.plenussupermercados.es\\\/gl\\\/?s={search_term_string}\"},\"query-input\":{\"@type\":\"PropertyValueSpecification\",\"valueRequired\":true,\"valueName\":\"search_term_string\"}}],\"inLanguage\":\"gl-ES\"},{\"@type\":\"Organization\",\"@id\":\"https:\\\/\\\/www.plenussupermercados.es\\\/gl\\\/#organization\",\"name\":\"Supermercados Plenus\",\"url\":\"https:\\\/\\\/www.plenussupermercados.es\\\/gl\\\/\",\"logo\":{\"@type\":\"ImageObject\",\"inLanguage\":\"gl-ES\",\"@id\":\"https:\\\/\\\/www.plenussupermercados.es\\\/gl\\\/#\\\/schema\\\/logo\\\/image\\\/\",\"url\":\"https:\\\/\\\/www.plenussupermercados.es\\\/wp-content\\\/uploads\\\/2024\\\/01\\\/logo-plenus-supermercados.png\",\"contentUrl\":\"https:\\\/\\\/www.plenussupermercados.es\\\/wp-content\\\/uploads\\\/2024\\\/01\\\/logo-plenus-supermercados.png\",\"width\":232,\"height\":57,\"caption\":\"Supermercados Plenus\"},\"image\":{\"@id\":\"https:\\\/\\\/www.plenussupermercados.es\\\/gl\\\/#\\\/schema\\\/logo\\\/image\\\/\"}},{\"@type\":\"Person\",\"@id\":\"https:\\\/\\\/www.plenussupermercados.es\\\/gl\\\/#\\\/schema\\\/person\\\/2d8adef7bb20264c2a1d2f5afc6559a1\",\"name\":\"Marketing\",\"image\":{\"@type\":\"ImageObject\",\"inLanguage\":\"gl-ES\",\"@id\":\"https:\\\/\\\/secure.gravatar.com\\\/avatar\\\/8ded354b39a8b0148f5b1dcf5d15c9851f7e014e20a66c5f23b7c2991bf714cd?s=96&d=mm&r=g\",\"url\":\"https:\\\/\\\/secure.gravatar.com\\\/avatar\\\/8ded354b39a8b0148f5b1dcf5d15c9851f7e014e20a66c5f23b7c2991bf714cd?s=96&d=mm&r=g\",\"contentUrl\":\"https:\\\/\\\/secure.gravatar.com\\\/avatar\\\/8ded354b39a8b0148f5b1dcf5d15c9851f7e014e20a66c5f23b7c2991bf714cd?s=96&d=mm&r=g\",\"caption\":\"Marketing\"}}]}<\/script>\n<!-- \/ Yoast SEO plugin. -->","yoast_head_json":{"title":"OS M\u00c1IS PEQUES DO COLEXIO LABOR VISITAN PLENUS CAMELIAS - Supermercados Plenus %","robots":{"index":"index","follow":"follow","max-snippet":"max-snippet:-1","max-image-preview":"max-image-preview:large","max-video-preview":"max-video-preview:-1"},"canonical":"https:\/\/www.plenussupermercados.es\/gl\/2025\/02\/10\/comprometidos-coa-formacion-profesional-en-plenus-curtis\/","og_locale":"gl_ES","og_type":"article","og_title":"OS M\u00c1IS PEQUES DO COLEXIO LABOR VISITAN PLENUS CAMELIAS - Supermercados Plenus %","og_description":"Promocionar a alimentaci\u00f3n saudable \u00e9 unha misi\u00f3n que debe comezarse na infancia, e o pasado m\u00e9rcores tivemos a gran oportunidade de compartir este compromiso cos m\u00e1is pequenos do Colexio Labor, na nosa tenda Plenus Camelias, en Vigo. O noso equipo da tenda recibiu con entusiasmo aos alumnos de 3 anos, nunha visita na que exploraron&hellip;","og_url":"https:\/\/www.plenussupermercados.es\/gl\/2025\/02\/10\/comprometidos-coa-formacion-profesional-en-plenus-curtis\/","og_site_name":"Supermercados Plenus","article_published_time":"2025-02-10T14:35:39+00:00","article_modified_time":"2025-02-10T14:49:13+00:00","og_image":[{"width":900,"height":900,"url":"https:\/\/www.plenussupermercados.es\/wp-content\/uploads\/2025\/02\/colegio-labor-camelias.jpeg","type":"image\/jpeg"}],"author":"Marketing","twitter_card":"summary_large_image","twitter_misc":{"Escrito por":"Marketing","Tempo de lectura":"1 minuto"},"schema":{"@context":"https:\/\/schema.org","@graph":[{"@type":"Article","@id":"https:\/\/www.plenussupermercados.es\/gl\/2025\/02\/10\/comprometidos-coa-formacion-profesional-en-plenus-curtis\/#article","isPartOf":{"@id":"https:\/\/www.plenussupermercados.es\/gl\/2025\/02\/10\/comprometidos-coa-formacion-profesional-en-plenus-curtis\/"},"author":{"name":"Marketing","@id":"https:\/\/www.plenussupermercados.es\/gl\/#\/schema\/person\/2d8adef7bb20264c2a1d2f5afc6559a1"},"headline":"OS M\u00c1IS PEQUES DO COLEXIO LABOR VISITAN PLENUS CAMELIAS","datePublished":"2025-02-10T14:35:39+00:00","dateModified":"2025-02-10T14:49:13+00:00","mainEntityOfPage":{"@id":"https:\/\/www.plenussupermercados.es\/gl\/2025\/02\/10\/comprometidos-coa-formacion-profesional-en-plenus-curtis\/"},"wordCount":184,"publisher":{"@id":"https:\/\/www.plenussupermercados.es\/gl\/#organization"},"image":{"@id":"https:\/\/www.plenussupermercados.es\/gl\/2025\/02\/10\/comprometidos-coa-formacion-profesional-en-plenus-curtis\/#primaryimage"},"thumbnailUrl":"https:\/\/www.plenussupermercados.es\/wp-content\/uploads\/2025\/02\/colegio-labor-camelias.jpeg","articleSection":["Novas"],"inLanguage":"gl-ES"},{"@type":"WebPage","@id":"https:\/\/www.plenussupermercados.es\/gl\/2025\/02\/10\/comprometidos-coa-formacion-profesional-en-plenus-curtis\/","url":"https:\/\/www.plenussupermercados.es\/gl\/2025\/02\/10\/comprometidos-coa-formacion-profesional-en-plenus-curtis\/","name":"OS M\u00c1IS PEQUES DO COLEXIO LABOR VISITAN PLENUS CAMELIAS - Supermercados Plenus %","isPartOf":{"@id":"https:\/\/www.plenussupermercados.es\/gl\/#website"},"primaryImageOfPage":{"@id":"https:\/\/www.plenussupermercados.es\/gl\/2025\/02\/10\/comprometidos-coa-formacion-profesional-en-plenus-curtis\/#primaryimage"},"image":{"@id":"https:\/\/www.plenussupermercados.es\/gl\/2025\/02\/10\/comprometidos-coa-formacion-profesional-en-plenus-curtis\/#primaryimage"},"thumbnailUrl":"https:\/\/www.plenussupermercados.es\/wp-content\/uploads\/2025\/02\/colegio-labor-camelias.jpeg","datePublished":"2025-02-10T14:35:39+00:00","dateModified":"2025-02-10T14:49:13+00:00","breadcrumb":{"@id":"https:\/\/www.plenussupermercados.es\/gl\/2025\/02\/10\/comprometidos-coa-formacion-profesional-en-plenus-curtis\/#breadcrumb"},"inLanguage":"gl-ES","potentialAction":[{"@type":"ReadAction","target":["https:\/\/www.plenussupermercados.es\/gl\/2025\/02\/10\/comprometidos-coa-formacion-profesional-en-plenus-curtis\/"]}]},{"@type":"ImageObject","inLanguage":"gl-ES","@id":"https:\/\/www.plenussupermercados.es\/gl\/2025\/02\/10\/comprometidos-coa-formacion-profesional-en-plenus-curtis\/#primaryimage","url":"https:\/\/www.plenussupermercados.es\/wp-content\/uploads\/2025\/02\/colegio-labor-camelias.jpeg","contentUrl":"https:\/\/www.plenussupermercados.es\/wp-content\/uploads\/2025\/02\/colegio-labor-camelias.jpeg","width":900,"height":900},{"@type":"BreadcrumbList","@id":"https:\/\/www.plenussupermercados.es\/gl\/2025\/02\/10\/comprometidos-coa-formacion-profesional-en-plenus-curtis\/#breadcrumb","itemListElement":[{"@type":"ListItem","position":1,"name":"Portada","item":"https:\/\/www.plenussupermercados.es\/gl\/"},{"@type":"ListItem","position":2,"name":"OS M\u00c1IS PEQUES DO COLEXIO LABOR VISITAN PLENUS CAMELIAS"}]},{"@type":"WebSite","@id":"https:\/\/www.plenussupermercados.es\/gl\/#website","url":"https:\/\/www.plenussupermercados.es\/gl\/","name":"Supermercados Plenus","description":"","publisher":{"@id":"https:\/\/www.plenussupermercados.es\/gl\/#organization"},"potentialAction":[{"@type":"SearchAction","target":{"@type":"EntryPoint","urlTemplate":"https:\/\/www.plenussupermercados.es\/gl\/?s={search_term_string}"},"query-input":{"@type":"PropertyValueSpecification","valueRequired":true,"valueName":"search_term_string"}}],"inLanguage":"gl-ES"},{"@type":"Organization","@id":"https:\/\/www.plenussupermercados.es\/gl\/#organization","name":"Supermercados Plenus","url":"https:\/\/www.plenussupermercados.es\/gl\/","logo":{"@type":"ImageObject","inLanguage":"gl-ES","@id":"https:\/\/www.plenussupermercados.es\/gl\/#\/schema\/logo\/image\/","url":"https:\/\/www.plenussupermercados.es\/wp-content\/uploads\/2024\/01\/logo-plenus-supermercados.png","contentUrl":"https:\/\/www.plenussupermercados.es\/wp-content\/uploads\/2024\/01\/logo-plenus-supermercados.png","width":232,"height":57,"caption":"Supermercados Plenus"},"image":{"@id":"https:\/\/www.plenussupermercados.es\/gl\/#\/schema\/logo\/image\/"}},{"@type":"Person","@id":"https:\/\/www.plenussupermercados.es\/gl\/#\/schema\/person\/2d8adef7bb20264c2a1d2f5afc6559a1","name":"Marketing","image":{"@type":"ImageObject","inLanguage":"gl-ES","@id":"https:\/\/secure.gravatar.com\/avatar\/8ded354b39a8b0148f5b1dcf5d15c9851f7e014e20a66c5f23b7c2991bf714cd?s=96&d=mm&r=g","url":"https:\/\/secure.gravatar.com\/avatar\/8ded354b39a8b0148f5b1dcf5d15c9851f7e014e20a66c5f23b7c2991bf714cd?s=96&d=mm&r=g","contentUrl":"https:\/\/secure.gravatar.com\/avatar\/8ded354b39a8b0148f5b1dcf5d15c9851f7e014e20a66c5f23b7c2991bf714cd?s=96&d=mm&r=g","caption":"Marketing"}}]}},"_links":{"self":[{"href":"https:\/\/www.plenussupermercados.es\/gl\/wp-json\/wp\/v2\/posts\/41115","targetHints":{"allow":["GET"]}}],"collection":[{"href":"https:\/\/www.plenussupermercados.es\/gl\/wp-json\/wp\/v2\/posts"}],"about":[{"href":"https:\/\/www.plenussupermercados.es\/gl\/wp-json\/wp\/v2\/types\/post"}],"author":[{"embeddable":true,"href":"https:\/\/www.plenussupermercados.es\/gl\/wp-json\/wp\/v2\/users\/3"}],"replies":[{"embeddable":true,"href":"https:\/\/www.plenussupermercados.es\/gl\/wp-json\/wp\/v2\/comments?post=41115"}],"version-history":[{"count":4,"href":"https:\/\/www.plenussupermercados.es\/gl\/wp-json\/wp\/v2\/posts\/41115\/revisions"}],"predecessor-version":[{"id":41126,"href":"https:\/\/www.plenussupermercados.es\/gl\/wp-json\/wp\/v2\/posts\/41115\/revisions\/41126"}],"wp:featuredmedia":[{"embeddable":true,"href":"https:\/\/www.plenussupermercados.es\/gl\/wp-json\/wp\/v2\/media\/41120"}],"wp:attachment":[{"href":"https:\/\/www.plenussupermercados.es\/gl\/wp-json\/wp\/v2\/media?parent=41115"}],"wp:term":[{"taxonomy":"category","embeddable":true,"href":"https:\/\/www.plenussupermercados.es\/gl\/wp-json\/wp\/v2\/categories?post=41115"},{"taxonomy":"post_tag","embeddable":true,"href":"https:\/\/www.plenussupermercados.es\/gl\/wp-json\/wp\/v2\/tags?post=41115"}],"curies":[{"name":"wp","href":"https:\/\/api.w.org\/{rel}","templated":true}]}}