{"id":41158,"date":"2025-02-12T13:23:01","date_gmt":"2025-02-12T12:23:01","guid":{"rendered":"https:\/\/www.plenussupermercados.es\/\/?p=41158"},"modified":"2025-02-12T13:25:45","modified_gmt":"2025-02-12T12:25:45","slug":"aquie-fleming-recibe-a-visita-dos-alumnos-de-academia-postal-en-ourense","status":"publish","type":"post","link":"https:\/\/www.plenussupermercados.es\/gl\/2025\/02\/12\/aquie-fleming-recibe-a-visita-dos-alumnos-de-academia-postal-en-ourense\/","title":{"rendered":"GRUPO CUEVAS S\u00daMASE \u00c1 INICIATIVA LA COMPRA DE TU VIDA"},"content":{"rendered":"\t\t<div data-elementor-type=\"wp-post\" data-elementor-id=\"41158\" class=\"elementor elementor-41158 elementor-41157\" data-elementor-post-type=\"post\">\n\t\t\t\t\t\t<section class=\"elementor-section elementor-top-section elementor-element elementor-element-9d0ea07 elementor-section-boxed elementor-section-height-default elementor-section-height-default\" data-id=\"9d0ea07\" data-element_type=\"section\" data-e-type=\"section\">\n\t\t\t\t\t\t<div class=\"elementor-container elementor-column-gap-default\">\n\t\t\t\t\t<div class=\"elementor-column elementor-col-100 elementor-top-column elementor-element elementor-element-478c242\" data-id=\"478c242\" data-element_type=\"column\" data-e-type=\"column\">\n\t\t\t<div class=\"elementor-widget-wrap elementor-element-populated\">\n\t\t\t\t\t\t<div class=\"elementor-element elementor-element-3dfd20e elementor-widget elementor-widget-text-editor\" data-id=\"3dfd20e\" data-element_type=\"widget\" data-e-type=\"widget\" data-widget_type=\"text-editor.default\">\n\t\t\t\t<div class=\"elementor-widget-container\">\n\t\t\t\t\t\t\t\t\t<p>Grupo Cuevas contin\u00faa este 2025 mostrando o seu lado m\u00e1is solidario e responsable, esta vez da man da Asociaci\u00f3n Espa\u00f1ola Contra o Cancro. E \u00e9 que o grupo empresarial de orixe ourens\u00e1, sumouse \u00e1 iniciativa A Compra da t\u00faa VIDA promovida pola AECC a nivel nacional e que ten como obxectivo recadar fondos destinados a conseguir, entre outros obxectivos, o de tratar de superar o 70% de supervivencia en persoas con cancro.<\/p>\n<p>As\u00ed o certificaron Artur Yuste, director xeral de Grupo Cuevas e Germ\u00e1n Rodr\u00edguez-S\u00e1a, presidente da Asociaci\u00f3n en Ourense e representante auton\u00f3mico, nun encontro celebrado na ma\u00f1\u00e1 de hoxe nas oficinas centrais que o grupo de distribuci\u00f3n alimentaria ten a Cidade do Transporte, en Ourense.<\/p>\n<p>Unha rede de m\u00e1is de 70 tendas repartidas por todas as zonas de acci\u00f3n de Grupo Cuevas convert\u00e9ronse, desde o d\u00eda 7 deste mes e ata o pr\u00f3ximo d\u00eda 16 de febreiro, en puntos nos que calquera cliente pode colaborar coa causa a trav\u00e9s de doaz\u00f3ns econ\u00f3micas que se realizan no momento de pagar as s\u00faas compras. Esta campa\u00f1a permite empregar a li\u00f1a de caixas dos supermercados Plenus, Aqui\u00e9, Spar e dos centros Cuevas Cash como depositarios de doaz\u00f3ns en met\u00e1lico entre 1 e 99 euros, que \u00e9 l\u00edmite dos donativos que se poden recoller nos devanditos centros.<\/p>\n<p>Esta acci\u00f3n colaborativa, reforza o compromiso de Grupo Cuevas coa sociedade e as persoas de todos os territorios nos que ten actividade e consolida o acordo establecido coa AECC en abril de 2019, polo que se desenvolveron diferentes actividades que redundaron no beneficio dos afectados por cancro e tam\u00e9n na prevenci\u00f3n da enfermidade, en especial mediante o traslado aos mozos de h\u00e1bitos de vida saudables.<\/p>\n<p>Este convenio permitiu apoiar tam\u00e9n, por parte das persoas traballadoras de Grupo Cuevas e desde os seus puntos de venda, as campa\u00f1as e acci\u00f3ns da Asociaci\u00f3n as\u00ed como realizar a difusi\u00f3n de informaci\u00f3n relevante e de interese a toda a poboaci\u00f3n. Finalmente, este acordo recolle tam\u00e9n a iniciativa Cup\u00f3n Solidario de Grupo Cuevas, pola que \u00e9 o colectivo de empregados de Grupo Cuevas o que decide a quen desexa que a organizaci\u00f3n realice as s\u00faas doaz\u00f3ns e onde, a AECC, \u00e9 receptora habitual destes fondos destinados \u00e1 investigaci\u00f3n da enfermidade, as\u00ed como a axuda a pacientes e familiares.<\/p>\n<p><strong>Asociaci\u00f3n Espa\u00f1ola Contra o Cancro\u00a0<\/strong><\/p>\n<p>\u00c9 a entidade de referencia na loita contra o cancro desde hai 70 anos. A asociaci\u00f3n integra a pacientes, familiares, persoas voluntarias e profesionais que traballan unidos para previr, sensibilizar e acompa\u00f1ar as persoas afectadas e financiar proxectos de investigaci\u00f3n oncol\u00f3xica que permitir\u00e1n un mellor diagn\u00f3stico e tratamento do cancro. Estruturada en 52 sedes provinciais, e presente en m\u00e1is de 2000 localidades espa\u00f1olas, conta con case 30.000 persoas voluntarias, m\u00e1is de 500.000 socios e m\u00e1is de 1000 profesionais.<\/p>\n<p><strong>Grupo Cuevas\u00a0<\/strong><\/p>\n<p>Dentro do apartado de programas sociais de Grupo Cuevas, desenv\u00f3lvense tam\u00e9n as acci\u00f3ns de voluntariado interno enfocadas ao \u00e1mbito educativo, con acci\u00f3ns de orientaci\u00f3n ou mentorizaci\u00f3n; \u00e1mbito social, con actividades enfocadas a axudar a colectivos en risco de exclusi\u00f3n social; e, finalmente, ao \u00e1mbito das emerxencias, onde o colectivo de persoas do grupo puidese desempe\u00f1ar un papel \u00fatil.<\/p>\n<p>&nbsp;<\/p>\n\t\t\t\t\t\t\t\t<\/div>\n\t\t\t\t<\/div>\n\t\t\t\t\t<\/div>\n\t\t<\/div>\n\t\t\t\t\t<\/div>\n\t\t<\/section>\n\t\t\t\t<\/div>\n\t\t","protected":false},"excerpt":{"rendered":"<p>Grupo Cuevas contin\u00faa este 2025 mostrando o seu lado m\u00e1is solidario e responsable, esta vez da man da Asociaci\u00f3n Espa\u00f1ola Contra o Cancro. E \u00e9 que o grupo empresarial de orixe ourens\u00e1, sumouse \u00e1 iniciativa A Compra da t\u00faa VIDA promovida pola AECC a nivel nacional e que ten como obxectivo recadar fondos destinados a&hellip;<\/p>\n","protected":false},"author":3,"featured_media":41153,"comment_status":"closed","ping_status":"closed","sticky":false,"template":"","format":"standard","meta":{"_acf_changed":false,"wprm-recipe-roundup-name":"","wprm-recipe-roundup-description":"","footnotes":""},"categories":[1031],"tags":[],"class_list":["post-41158","post","type-post","status-publish","format-standard","has-post-thumbnail","hentry","category-novas"],"acf":[],"yoast_head":"<!-- This site is optimized with the Yoast SEO plugin v27.5 - https:\/\/yoast.com\/product\/yoast-seo-wordpress\/ -->\n<title>GRUPO CUEVAS S\u00daMASE \u00c1 INICIATIVA LA COMPRA DE TU VIDA - Supermercados Plenus %<\/title>\n<meta name=\"robots\" content=\"index, follow, max-snippet:-1, max-image-preview:large, max-video-preview:-1\" \/>\n<link rel=\"canonical\" href=\"https:\/\/www.plenussupermercados.es\/gl\/2025\/02\/12\/aquie-fleming-recibe-a-visita-dos-alumnos-de-academia-postal-en-ourense\/\" \/>\n<meta property=\"og:locale\" content=\"gl_ES\" \/>\n<meta property=\"og:type\" content=\"article\" \/>\n<meta property=\"og:title\" content=\"GRUPO CUEVAS S\u00daMASE \u00c1 INICIATIVA LA COMPRA DE TU VIDA - Supermercados Plenus %\" \/>\n<meta property=\"og:description\" content=\"Grupo Cuevas contin\u00faa este 2025 mostrando o seu lado m\u00e1is solidario e responsable, esta vez da man da Asociaci\u00f3n Espa\u00f1ola Contra o Cancro. E \u00e9 que o grupo empresarial de orixe ourens\u00e1, sumouse \u00e1 iniciativa A Compra da t\u00faa VIDA promovida pola AECC a nivel nacional e que ten como obxectivo recadar fondos destinados a&hellip;\" \/>\n<meta property=\"og:url\" content=\"https:\/\/www.plenussupermercados.es\/gl\/2025\/02\/12\/aquie-fleming-recibe-a-visita-dos-alumnos-de-academia-postal-en-ourense\/\" \/>\n<meta property=\"og:site_name\" content=\"Supermercados Plenus\" \/>\n<meta property=\"article:published_time\" content=\"2025-02-12T12:23:01+00:00\" \/>\n<meta property=\"article:modified_time\" content=\"2025-02-12T12:25:45+00:00\" \/>\n<meta property=\"og:image\" content=\"https:\/\/www.plenussupermercados.es\/wp-content\/uploads\/2025\/02\/AECC09-web-scaled.jpg\" \/>\n\t<meta property=\"og:image:width\" content=\"2560\" \/>\n\t<meta property=\"og:image:height\" content=\"2560\" \/>\n\t<meta property=\"og:image:type\" content=\"image\/jpeg\" \/>\n<meta name=\"author\" content=\"Marketing\" \/>\n<meta name=\"twitter:card\" content=\"summary_large_image\" \/>\n<meta name=\"twitter:label1\" content=\"Escrito por\" \/>\n\t<meta name=\"twitter:data1\" content=\"Marketing\" \/>\n\t<meta name=\"twitter:label2\" content=\"Tempo de lectura\" \/>\n\t<meta name=\"twitter:data2\" content=\"1 minuto\" \/>\n<script type=\"application\/ld+json\" class=\"yoast-schema-graph\">{\"@context\":\"https:\\\/\\\/schema.org\",\"@graph\":[{\"@type\":\"Article\",\"@id\":\"https:\\\/\\\/www.plenussupermercados.es\\\/gl\\\/2025\\\/02\\\/12\\\/aquie-fleming-recibe-a-visita-dos-alumnos-de-academia-postal-en-ourense\\\/#article\",\"isPartOf\":{\"@id\":\"https:\\\/\\\/www.plenussupermercados.es\\\/gl\\\/2025\\\/02\\\/12\\\/aquie-fleming-recibe-a-visita-dos-alumnos-de-academia-postal-en-ourense\\\/\"},\"author\":{\"name\":\"Marketing\",\"@id\":\"https:\\\/\\\/www.plenussupermercados.es\\\/gl\\\/#\\\/schema\\\/person\\\/2d8adef7bb20264c2a1d2f5afc6559a1\"},\"headline\":\"GRUPO CUEVAS S\u00daMASE \u00c1 INICIATIVA LA COMPRA DE TU VIDA\",\"datePublished\":\"2025-02-12T12:23:01+00:00\",\"dateModified\":\"2025-02-12T12:25:45+00:00\",\"mainEntityOfPage\":{\"@id\":\"https:\\\/\\\/www.plenussupermercados.es\\\/gl\\\/2025\\\/02\\\/12\\\/aquie-fleming-recibe-a-visita-dos-alumnos-de-academia-postal-en-ourense\\\/\"},\"wordCount\":573,\"publisher\":{\"@id\":\"https:\\\/\\\/www.plenussupermercados.es\\\/gl\\\/#organization\"},\"image\":{\"@id\":\"https:\\\/\\\/www.plenussupermercados.es\\\/gl\\\/2025\\\/02\\\/12\\\/aquie-fleming-recibe-a-visita-dos-alumnos-de-academia-postal-en-ourense\\\/#primaryimage\"},\"thumbnailUrl\":\"https:\\\/\\\/www.plenussupermercados.es\\\/wp-content\\\/uploads\\\/2025\\\/02\\\/AECC09-web-scaled.jpg\",\"articleSection\":[\"Novas\"],\"inLanguage\":\"gl-ES\"},{\"@type\":\"WebPage\",\"@id\":\"https:\\\/\\\/www.plenussupermercados.es\\\/gl\\\/2025\\\/02\\\/12\\\/aquie-fleming-recibe-a-visita-dos-alumnos-de-academia-postal-en-ourense\\\/\",\"url\":\"https:\\\/\\\/www.plenussupermercados.es\\\/gl\\\/2025\\\/02\\\/12\\\/aquie-fleming-recibe-a-visita-dos-alumnos-de-academia-postal-en-ourense\\\/\",\"name\":\"GRUPO CUEVAS S\u00daMASE \u00c1 INICIATIVA LA COMPRA DE TU VIDA - Supermercados Plenus %\",\"isPartOf\":{\"@id\":\"https:\\\/\\\/www.plenussupermercados.es\\\/gl\\\/#website\"},\"primaryImageOfPage\":{\"@id\":\"https:\\\/\\\/www.plenussupermercados.es\\\/gl\\\/2025\\\/02\\\/12\\\/aquie-fleming-recibe-a-visita-dos-alumnos-de-academia-postal-en-ourense\\\/#primaryimage\"},\"image\":{\"@id\":\"https:\\\/\\\/www.plenussupermercados.es\\\/gl\\\/2025\\\/02\\\/12\\\/aquie-fleming-recibe-a-visita-dos-alumnos-de-academia-postal-en-ourense\\\/#primaryimage\"},\"thumbnailUrl\":\"https:\\\/\\\/www.plenussupermercados.es\\\/wp-content\\\/uploads\\\/2025\\\/02\\\/AECC09-web-scaled.jpg\",\"datePublished\":\"2025-02-12T12:23:01+00:00\",\"dateModified\":\"2025-02-12T12:25:45+00:00\",\"breadcrumb\":{\"@id\":\"https:\\\/\\\/www.plenussupermercados.es\\\/gl\\\/2025\\\/02\\\/12\\\/aquie-fleming-recibe-a-visita-dos-alumnos-de-academia-postal-en-ourense\\\/#breadcrumb\"},\"inLanguage\":\"gl-ES\",\"potentialAction\":[{\"@type\":\"ReadAction\",\"target\":[\"https:\\\/\\\/www.plenussupermercados.es\\\/gl\\\/2025\\\/02\\\/12\\\/aquie-fleming-recibe-a-visita-dos-alumnos-de-academia-postal-en-ourense\\\/\"]}]},{\"@type\":\"ImageObject\",\"inLanguage\":\"gl-ES\",\"@id\":\"https:\\\/\\\/www.plenussupermercados.es\\\/gl\\\/2025\\\/02\\\/12\\\/aquie-fleming-recibe-a-visita-dos-alumnos-de-academia-postal-en-ourense\\\/#primaryimage\",\"url\":\"https:\\\/\\\/www.plenussupermercados.es\\\/wp-content\\\/uploads\\\/2025\\\/02\\\/AECC09-web-scaled.jpg\",\"contentUrl\":\"https:\\\/\\\/www.plenussupermercados.es\\\/wp-content\\\/uploads\\\/2025\\\/02\\\/AECC09-web-scaled.jpg\",\"width\":2560,\"height\":2560},{\"@type\":\"BreadcrumbList\",\"@id\":\"https:\\\/\\\/www.plenussupermercados.es\\\/gl\\\/2025\\\/02\\\/12\\\/aquie-fleming-recibe-a-visita-dos-alumnos-de-academia-postal-en-ourense\\\/#breadcrumb\",\"itemListElement\":[{\"@type\":\"ListItem\",\"position\":1,\"name\":\"Portada\",\"item\":\"https:\\\/\\\/www.plenussupermercados.es\\\/gl\\\/\"},{\"@type\":\"ListItem\",\"position\":2,\"name\":\"GRUPO CUEVAS S\u00daMASE \u00c1 INICIATIVA LA COMPRA DE TU VIDA\"}]},{\"@type\":\"WebSite\",\"@id\":\"https:\\\/\\\/www.plenussupermercados.es\\\/gl\\\/#website\",\"url\":\"https:\\\/\\\/www.plenussupermercados.es\\\/gl\\\/\",\"name\":\"Supermercados Plenus\",\"description\":\"\",\"publisher\":{\"@id\":\"https:\\\/\\\/www.plenussupermercados.es\\\/gl\\\/#organization\"},\"potentialAction\":[{\"@type\":\"SearchAction\",\"target\":{\"@type\":\"EntryPoint\",\"urlTemplate\":\"https:\\\/\\\/www.plenussupermercados.es\\\/gl\\\/?s={search_term_string}\"},\"query-input\":{\"@type\":\"PropertyValueSpecification\",\"valueRequired\":true,\"valueName\":\"search_term_string\"}}],\"inLanguage\":\"gl-ES\"},{\"@type\":\"Organization\",\"@id\":\"https:\\\/\\\/www.plenussupermercados.es\\\/gl\\\/#organization\",\"name\":\"Supermercados Plenus\",\"url\":\"https:\\\/\\\/www.plenussupermercados.es\\\/gl\\\/\",\"logo\":{\"@type\":\"ImageObject\",\"inLanguage\":\"gl-ES\",\"@id\":\"https:\\\/\\\/www.plenussupermercados.es\\\/gl\\\/#\\\/schema\\\/logo\\\/image\\\/\",\"url\":\"https:\\\/\\\/www.plenussupermercados.es\\\/wp-content\\\/uploads\\\/2024\\\/01\\\/logo-plenus-supermercados.png\",\"contentUrl\":\"https:\\\/\\\/www.plenussupermercados.es\\\/wp-content\\\/uploads\\\/2024\\\/01\\\/logo-plenus-supermercados.png\",\"width\":232,\"height\":57,\"caption\":\"Supermercados Plenus\"},\"image\":{\"@id\":\"https:\\\/\\\/www.plenussupermercados.es\\\/gl\\\/#\\\/schema\\\/logo\\\/image\\\/\"}},{\"@type\":\"Person\",\"@id\":\"https:\\\/\\\/www.plenussupermercados.es\\\/gl\\\/#\\\/schema\\\/person\\\/2d8adef7bb20264c2a1d2f5afc6559a1\",\"name\":\"Marketing\",\"image\":{\"@type\":\"ImageObject\",\"inLanguage\":\"gl-ES\",\"@id\":\"https:\\\/\\\/secure.gravatar.com\\\/avatar\\\/8ded354b39a8b0148f5b1dcf5d15c9851f7e014e20a66c5f23b7c2991bf714cd?s=96&d=mm&r=g\",\"url\":\"https:\\\/\\\/secure.gravatar.com\\\/avatar\\\/8ded354b39a8b0148f5b1dcf5d15c9851f7e014e20a66c5f23b7c2991bf714cd?s=96&d=mm&r=g\",\"contentUrl\":\"https:\\\/\\\/secure.gravatar.com\\\/avatar\\\/8ded354b39a8b0148f5b1dcf5d15c9851f7e014e20a66c5f23b7c2991bf714cd?s=96&d=mm&r=g\",\"caption\":\"Marketing\"}}]}<\/script>\n<!-- \/ Yoast SEO plugin. -->","yoast_head_json":{"title":"GRUPO CUEVAS S\u00daMASE \u00c1 INICIATIVA LA COMPRA DE TU VIDA - Supermercados Plenus %","robots":{"index":"index","follow":"follow","max-snippet":"max-snippet:-1","max-image-preview":"max-image-preview:large","max-video-preview":"max-video-preview:-1"},"canonical":"https:\/\/www.plenussupermercados.es\/gl\/2025\/02\/12\/aquie-fleming-recibe-a-visita-dos-alumnos-de-academia-postal-en-ourense\/","og_locale":"gl_ES","og_type":"article","og_title":"GRUPO CUEVAS S\u00daMASE \u00c1 INICIATIVA LA COMPRA DE TU VIDA - Supermercados Plenus %","og_description":"Grupo Cuevas contin\u00faa este 2025 mostrando o seu lado m\u00e1is solidario e responsable, esta vez da man da Asociaci\u00f3n Espa\u00f1ola Contra o Cancro. E \u00e9 que o grupo empresarial de orixe ourens\u00e1, sumouse \u00e1 iniciativa A Compra da t\u00faa VIDA promovida pola AECC a nivel nacional e que ten como obxectivo recadar fondos destinados a&hellip;","og_url":"https:\/\/www.plenussupermercados.es\/gl\/2025\/02\/12\/aquie-fleming-recibe-a-visita-dos-alumnos-de-academia-postal-en-ourense\/","og_site_name":"Supermercados Plenus","article_published_time":"2025-02-12T12:23:01+00:00","article_modified_time":"2025-02-12T12:25:45+00:00","og_image":[{"width":2560,"height":2560,"url":"https:\/\/www.plenussupermercados.es\/wp-content\/uploads\/2025\/02\/AECC09-web-scaled.jpg","type":"image\/jpeg"}],"author":"Marketing","twitter_card":"summary_large_image","twitter_misc":{"Escrito por":"Marketing","Tempo de lectura":"1 minuto"},"schema":{"@context":"https:\/\/schema.org","@graph":[{"@type":"Article","@id":"https:\/\/www.plenussupermercados.es\/gl\/2025\/02\/12\/aquie-fleming-recibe-a-visita-dos-alumnos-de-academia-postal-en-ourense\/#article","isPartOf":{"@id":"https:\/\/www.plenussupermercados.es\/gl\/2025\/02\/12\/aquie-fleming-recibe-a-visita-dos-alumnos-de-academia-postal-en-ourense\/"},"author":{"name":"Marketing","@id":"https:\/\/www.plenussupermercados.es\/gl\/#\/schema\/person\/2d8adef7bb20264c2a1d2f5afc6559a1"},"headline":"GRUPO CUEVAS S\u00daMASE \u00c1 INICIATIVA LA COMPRA DE TU VIDA","datePublished":"2025-02-12T12:23:01+00:00","dateModified":"2025-02-12T12:25:45+00:00","mainEntityOfPage":{"@id":"https:\/\/www.plenussupermercados.es\/gl\/2025\/02\/12\/aquie-fleming-recibe-a-visita-dos-alumnos-de-academia-postal-en-ourense\/"},"wordCount":573,"publisher":{"@id":"https:\/\/www.plenussupermercados.es\/gl\/#organization"},"image":{"@id":"https:\/\/www.plenussupermercados.es\/gl\/2025\/02\/12\/aquie-fleming-recibe-a-visita-dos-alumnos-de-academia-postal-en-ourense\/#primaryimage"},"thumbnailUrl":"https:\/\/www.plenussupermercados.es\/wp-content\/uploads\/2025\/02\/AECC09-web-scaled.jpg","articleSection":["Novas"],"inLanguage":"gl-ES"},{"@type":"WebPage","@id":"https:\/\/www.plenussupermercados.es\/gl\/2025\/02\/12\/aquie-fleming-recibe-a-visita-dos-alumnos-de-academia-postal-en-ourense\/","url":"https:\/\/www.plenussupermercados.es\/gl\/2025\/02\/12\/aquie-fleming-recibe-a-visita-dos-alumnos-de-academia-postal-en-ourense\/","name":"GRUPO CUEVAS S\u00daMASE \u00c1 INICIATIVA LA COMPRA DE TU VIDA - Supermercados Plenus %","isPartOf":{"@id":"https:\/\/www.plenussupermercados.es\/gl\/#website"},"primaryImageOfPage":{"@id":"https:\/\/www.plenussupermercados.es\/gl\/2025\/02\/12\/aquie-fleming-recibe-a-visita-dos-alumnos-de-academia-postal-en-ourense\/#primaryimage"},"image":{"@id":"https:\/\/www.plenussupermercados.es\/gl\/2025\/02\/12\/aquie-fleming-recibe-a-visita-dos-alumnos-de-academia-postal-en-ourense\/#primaryimage"},"thumbnailUrl":"https:\/\/www.plenussupermercados.es\/wp-content\/uploads\/2025\/02\/AECC09-web-scaled.jpg","datePublished":"2025-02-12T12:23:01+00:00","dateModified":"2025-02-12T12:25:45+00:00","breadcrumb":{"@id":"https:\/\/www.plenussupermercados.es\/gl\/2025\/02\/12\/aquie-fleming-recibe-a-visita-dos-alumnos-de-academia-postal-en-ourense\/#breadcrumb"},"inLanguage":"gl-ES","potentialAction":[{"@type":"ReadAction","target":["https:\/\/www.plenussupermercados.es\/gl\/2025\/02\/12\/aquie-fleming-recibe-a-visita-dos-alumnos-de-academia-postal-en-ourense\/"]}]},{"@type":"ImageObject","inLanguage":"gl-ES","@id":"https:\/\/www.plenussupermercados.es\/gl\/2025\/02\/12\/aquie-fleming-recibe-a-visita-dos-alumnos-de-academia-postal-en-ourense\/#primaryimage","url":"https:\/\/www.plenussupermercados.es\/wp-content\/uploads\/2025\/02\/AECC09-web-scaled.jpg","contentUrl":"https:\/\/www.plenussupermercados.es\/wp-content\/uploads\/2025\/02\/AECC09-web-scaled.jpg","width":2560,"height":2560},{"@type":"BreadcrumbList","@id":"https:\/\/www.plenussupermercados.es\/gl\/2025\/02\/12\/aquie-fleming-recibe-a-visita-dos-alumnos-de-academia-postal-en-ourense\/#breadcrumb","itemListElement":[{"@type":"ListItem","position":1,"name":"Portada","item":"https:\/\/www.plenussupermercados.es\/gl\/"},{"@type":"ListItem","position":2,"name":"GRUPO CUEVAS S\u00daMASE \u00c1 INICIATIVA LA COMPRA DE TU VIDA"}]},{"@type":"WebSite","@id":"https:\/\/www.plenussupermercados.es\/gl\/#website","url":"https:\/\/www.plenussupermercados.es\/gl\/","name":"Supermercados Plenus","description":"","publisher":{"@id":"https:\/\/www.plenussupermercados.es\/gl\/#organization"},"potentialAction":[{"@type":"SearchAction","target":{"@type":"EntryPoint","urlTemplate":"https:\/\/www.plenussupermercados.es\/gl\/?s={search_term_string}"},"query-input":{"@type":"PropertyValueSpecification","valueRequired":true,"valueName":"search_term_string"}}],"inLanguage":"gl-ES"},{"@type":"Organization","@id":"https:\/\/www.plenussupermercados.es\/gl\/#organization","name":"Supermercados Plenus","url":"https:\/\/www.plenussupermercados.es\/gl\/","logo":{"@type":"ImageObject","inLanguage":"gl-ES","@id":"https:\/\/www.plenussupermercados.es\/gl\/#\/schema\/logo\/image\/","url":"https:\/\/www.plenussupermercados.es\/wp-content\/uploads\/2024\/01\/logo-plenus-supermercados.png","contentUrl":"https:\/\/www.plenussupermercados.es\/wp-content\/uploads\/2024\/01\/logo-plenus-supermercados.png","width":232,"height":57,"caption":"Supermercados Plenus"},"image":{"@id":"https:\/\/www.plenussupermercados.es\/gl\/#\/schema\/logo\/image\/"}},{"@type":"Person","@id":"https:\/\/www.plenussupermercados.es\/gl\/#\/schema\/person\/2d8adef7bb20264c2a1d2f5afc6559a1","name":"Marketing","image":{"@type":"ImageObject","inLanguage":"gl-ES","@id":"https:\/\/secure.gravatar.com\/avatar\/8ded354b39a8b0148f5b1dcf5d15c9851f7e014e20a66c5f23b7c2991bf714cd?s=96&d=mm&r=g","url":"https:\/\/secure.gravatar.com\/avatar\/8ded354b39a8b0148f5b1dcf5d15c9851f7e014e20a66c5f23b7c2991bf714cd?s=96&d=mm&r=g","contentUrl":"https:\/\/secure.gravatar.com\/avatar\/8ded354b39a8b0148f5b1dcf5d15c9851f7e014e20a66c5f23b7c2991bf714cd?s=96&d=mm&r=g","caption":"Marketing"}}]}},"_links":{"self":[{"href":"https:\/\/www.plenussupermercados.es\/gl\/wp-json\/wp\/v2\/posts\/41158","targetHints":{"allow":["GET"]}}],"collection":[{"href":"https:\/\/www.plenussupermercados.es\/gl\/wp-json\/wp\/v2\/posts"}],"about":[{"href":"https:\/\/www.plenussupermercados.es\/gl\/wp-json\/wp\/v2\/types\/post"}],"author":[{"embeddable":true,"href":"https:\/\/www.plenussupermercados.es\/gl\/wp-json\/wp\/v2\/users\/3"}],"replies":[{"embeddable":true,"href":"https:\/\/www.plenussupermercados.es\/gl\/wp-json\/wp\/v2\/comments?post=41158"}],"version-history":[{"count":4,"href":"https:\/\/www.plenussupermercados.es\/gl\/wp-json\/wp\/v2\/posts\/41158\/revisions"}],"predecessor-version":[{"id":41169,"href":"https:\/\/www.plenussupermercados.es\/gl\/wp-json\/wp\/v2\/posts\/41158\/revisions\/41169"}],"wp:featuredmedia":[{"embeddable":true,"href":"https:\/\/www.plenussupermercados.es\/gl\/wp-json\/wp\/v2\/media\/41153"}],"wp:attachment":[{"href":"https:\/\/www.plenussupermercados.es\/gl\/wp-json\/wp\/v2\/media?parent=41158"}],"wp:term":[{"taxonomy":"category","embeddable":true,"href":"https:\/\/www.plenussupermercados.es\/gl\/wp-json\/wp\/v2\/categories?post=41158"},{"taxonomy":"post_tag","embeddable":true,"href":"https:\/\/www.plenussupermercados.es\/gl\/wp-json\/wp\/v2\/tags?post=41158"}],"curies":[{"name":"wp","href":"https:\/\/api.w.org\/{rel}","templated":true}]}}