{"id":41807,"date":"2025-03-13T13:35:41","date_gmt":"2025-03-13T12:35:41","guid":{"rendered":"https:\/\/www.plenussupermercados.es\/\/?p=41807"},"modified":"2025-04-01T13:45:58","modified_gmt":"2025-04-01T11:45:58","slug":"clusaga-visita-aquie-horreo","status":"publish","type":"post","link":"https:\/\/www.plenussupermercados.es\/gl\/2025\/03\/13\/clusaga-visita-aquie-horreo\/","title":{"rendered":"A COMISI\u00d3N DE MERCADOS DE CLUSAGA VISITA AQUI\u00c9 H\u00d3RREO"},"content":{"rendered":"\t\t<div data-elementor-type=\"wp-post\" data-elementor-id=\"41807\" class=\"elementor elementor-41807 elementor-41806\" data-elementor-post-type=\"post\">\n\t\t\t\t\t\t<section class=\"elementor-section elementor-top-section elementor-element elementor-element-9d0ea07 elementor-section-boxed elementor-section-height-default elementor-section-height-default\" data-id=\"9d0ea07\" data-element_type=\"section\" data-e-type=\"section\">\n\t\t\t\t\t\t<div class=\"elementor-container elementor-column-gap-default\">\n\t\t\t\t\t<div class=\"elementor-column elementor-col-100 elementor-top-column elementor-element elementor-element-478c242\" data-id=\"478c242\" data-element_type=\"column\" data-e-type=\"column\">\n\t\t\t<div class=\"elementor-widget-wrap elementor-element-populated\">\n\t\t\t\t\t\t<div class=\"elementor-element elementor-element-3dfd20e elementor-widget elementor-widget-text-editor\" data-id=\"3dfd20e\" data-element_type=\"widget\" data-e-type=\"widget\" data-widget_type=\"text-editor.default\">\n\t\t\t\t<div class=\"elementor-widget-container\">\n\t\t\t\t\t\t\t\t\t<p>Aqui\u00e9 H\u00f3rreo tam\u00e9n recibiu unha visita moi especial neste mes de marzo. Os membros do Comit\u00e9 de Mercados da Agrupaci\u00f3n industrial de Alimentaci\u00f3n de Galicia acheg\u00e1ronse a co\u00f1ecer o noso supermercado situado en Santiago de Compostela.<\/p>\n<p>Mari Lamelas, supervisora da li\u00f1a de supermercados foi a encargada de guiarlles polos corredores e secci\u00f3ns do supermercado e de responder todas as d\u00fabidas que xurdiron durante a visita.<\/p>\n\t\t\t\t\t\t\t\t<\/div>\n\t\t\t\t<\/div>\n\t\t\t\t\t<\/div>\n\t\t<\/div>\n\t\t\t\t\t<\/div>\n\t\t<\/section>\n\t\t\t\t<\/div>\n\t\t","protected":false},"excerpt":{"rendered":"<p>Aqui\u00e9 H\u00f3rreo tam\u00e9n recibiu unha visita moi especial neste mes de marzo. Os membros do Comit\u00e9 de Mercados da Agrupaci\u00f3n industrial de Alimentaci\u00f3n de Galicia acheg\u00e1ronse a co\u00f1ecer o noso supermercado situado en Santiago de Compostela. Mari Lamelas, supervisora da li\u00f1a de supermercados foi a encargada de guiarlles polos corredores e secci\u00f3ns do supermercado e&hellip;<\/p>\n","protected":false},"author":3,"featured_media":41824,"comment_status":"closed","ping_status":"closed","sticky":false,"template":"","format":"standard","meta":{"_acf_changed":false,"wprm-recipe-roundup-name":"","wprm-recipe-roundup-description":"","footnotes":""},"categories":[1031],"tags":[],"class_list":["post-41807","post","type-post","status-publish","format-standard","has-post-thumbnail","hentry","category-novas"],"acf":[],"yoast_head":"<!-- This site is optimized with the Yoast SEO plugin v27.5 - https:\/\/yoast.com\/product\/yoast-seo-wordpress\/ -->\n<title>A COMISI\u00d3N DE MERCADOS DE CLUSAGA VISITA AQUI\u00c9 H\u00d3RREO - Supermercados Plenus %<\/title>\n<meta name=\"robots\" content=\"index, follow, max-snippet:-1, max-image-preview:large, max-video-preview:-1\" \/>\n<link rel=\"canonical\" href=\"https:\/\/www.plenussupermercados.es\/gl\/2025\/03\/13\/clusaga-visita-aquie-horreo\/\" \/>\n<meta property=\"og:locale\" content=\"gl_ES\" \/>\n<meta property=\"og:type\" content=\"article\" \/>\n<meta property=\"og:title\" content=\"A COMISI\u00d3N DE MERCADOS DE CLUSAGA VISITA AQUI\u00c9 H\u00d3RREO - Supermercados Plenus %\" \/>\n<meta property=\"og:description\" content=\"Aqui\u00e9 H\u00f3rreo tam\u00e9n recibiu unha visita moi especial neste mes de marzo. Os membros do Comit\u00e9 de Mercados da Agrupaci\u00f3n industrial de Alimentaci\u00f3n de Galicia acheg\u00e1ronse a co\u00f1ecer o noso supermercado situado en Santiago de Compostela. Mari Lamelas, supervisora da li\u00f1a de supermercados foi a encargada de guiarlles polos corredores e secci\u00f3ns do supermercado e&hellip;\" \/>\n<meta property=\"og:url\" content=\"https:\/\/www.plenussupermercados.es\/gl\/2025\/03\/13\/clusaga-visita-aquie-horreo\/\" \/>\n<meta property=\"og:site_name\" content=\"Supermercados Plenus\" \/>\n<meta property=\"article:published_time\" content=\"2025-03-13T12:35:41+00:00\" \/>\n<meta property=\"article:modified_time\" content=\"2025-04-01T11:45:58+00:00\" \/>\n<meta property=\"og:image\" content=\"https:\/\/www.plenussupermercados.es\/wp-content\/uploads\/2025\/03\/aquie-horreo-clusaga.jpg\" \/>\n\t<meta property=\"og:image:width\" content=\"1536\" \/>\n\t<meta property=\"og:image:height\" content=\"1536\" \/>\n\t<meta property=\"og:image:type\" content=\"image\/jpeg\" \/>\n<meta name=\"author\" content=\"Marketing\" \/>\n<meta name=\"twitter:card\" content=\"summary_large_image\" \/>\n<meta name=\"twitter:label1\" content=\"Escrito por\" \/>\n\t<meta name=\"twitter:data1\" content=\"Marketing\" \/>\n\t<meta name=\"twitter:label2\" content=\"Tempo de lectura\" \/>\n\t<meta name=\"twitter:data2\" content=\"1 minuto\" \/>\n<script type=\"application\/ld+json\" class=\"yoast-schema-graph\">{\"@context\":\"https:\\\/\\\/schema.org\",\"@graph\":[{\"@type\":\"Article\",\"@id\":\"https:\\\/\\\/www.plenussupermercados.es\\\/gl\\\/2025\\\/03\\\/13\\\/clusaga-visita-aquie-horreo\\\/#article\",\"isPartOf\":{\"@id\":\"https:\\\/\\\/www.plenussupermercados.es\\\/gl\\\/2025\\\/03\\\/13\\\/clusaga-visita-aquie-horreo\\\/\"},\"author\":{\"name\":\"Marketing\",\"@id\":\"https:\\\/\\\/www.plenussupermercados.es\\\/gl\\\/#\\\/schema\\\/person\\\/2d8adef7bb20264c2a1d2f5afc6559a1\"},\"headline\":\"A COMISI\u00d3N DE MERCADOS DE CLUSAGA VISITA AQUI\u00c9 H\u00d3RREO\",\"datePublished\":\"2025-03-13T12:35:41+00:00\",\"dateModified\":\"2025-04-01T11:45:58+00:00\",\"mainEntityOfPage\":{\"@id\":\"https:\\\/\\\/www.plenussupermercados.es\\\/gl\\\/2025\\\/03\\\/13\\\/clusaga-visita-aquie-horreo\\\/\"},\"wordCount\":85,\"publisher\":{\"@id\":\"https:\\\/\\\/www.plenussupermercados.es\\\/gl\\\/#organization\"},\"image\":{\"@id\":\"https:\\\/\\\/www.plenussupermercados.es\\\/gl\\\/2025\\\/03\\\/13\\\/clusaga-visita-aquie-horreo\\\/#primaryimage\"},\"thumbnailUrl\":\"https:\\\/\\\/www.plenussupermercados.es\\\/wp-content\\\/uploads\\\/2025\\\/03\\\/aquie-horreo-clusaga.jpg\",\"articleSection\":[\"Novas\"],\"inLanguage\":\"gl-ES\"},{\"@type\":\"WebPage\",\"@id\":\"https:\\\/\\\/www.plenussupermercados.es\\\/gl\\\/2025\\\/03\\\/13\\\/clusaga-visita-aquie-horreo\\\/\",\"url\":\"https:\\\/\\\/www.plenussupermercados.es\\\/gl\\\/2025\\\/03\\\/13\\\/clusaga-visita-aquie-horreo\\\/\",\"name\":\"A COMISI\u00d3N DE MERCADOS DE CLUSAGA VISITA AQUI\u00c9 H\u00d3RREO - Supermercados Plenus %\",\"isPartOf\":{\"@id\":\"https:\\\/\\\/www.plenussupermercados.es\\\/gl\\\/#website\"},\"primaryImageOfPage\":{\"@id\":\"https:\\\/\\\/www.plenussupermercados.es\\\/gl\\\/2025\\\/03\\\/13\\\/clusaga-visita-aquie-horreo\\\/#primaryimage\"},\"image\":{\"@id\":\"https:\\\/\\\/www.plenussupermercados.es\\\/gl\\\/2025\\\/03\\\/13\\\/clusaga-visita-aquie-horreo\\\/#primaryimage\"},\"thumbnailUrl\":\"https:\\\/\\\/www.plenussupermercados.es\\\/wp-content\\\/uploads\\\/2025\\\/03\\\/aquie-horreo-clusaga.jpg\",\"datePublished\":\"2025-03-13T12:35:41+00:00\",\"dateModified\":\"2025-04-01T11:45:58+00:00\",\"breadcrumb\":{\"@id\":\"https:\\\/\\\/www.plenussupermercados.es\\\/gl\\\/2025\\\/03\\\/13\\\/clusaga-visita-aquie-horreo\\\/#breadcrumb\"},\"inLanguage\":\"gl-ES\",\"potentialAction\":[{\"@type\":\"ReadAction\",\"target\":[\"https:\\\/\\\/www.plenussupermercados.es\\\/gl\\\/2025\\\/03\\\/13\\\/clusaga-visita-aquie-horreo\\\/\"]}]},{\"@type\":\"ImageObject\",\"inLanguage\":\"gl-ES\",\"@id\":\"https:\\\/\\\/www.plenussupermercados.es\\\/gl\\\/2025\\\/03\\\/13\\\/clusaga-visita-aquie-horreo\\\/#primaryimage\",\"url\":\"https:\\\/\\\/www.plenussupermercados.es\\\/wp-content\\\/uploads\\\/2025\\\/03\\\/aquie-horreo-clusaga.jpg\",\"contentUrl\":\"https:\\\/\\\/www.plenussupermercados.es\\\/wp-content\\\/uploads\\\/2025\\\/03\\\/aquie-horreo-clusaga.jpg\",\"width\":1536,\"height\":1536},{\"@type\":\"BreadcrumbList\",\"@id\":\"https:\\\/\\\/www.plenussupermercados.es\\\/gl\\\/2025\\\/03\\\/13\\\/clusaga-visita-aquie-horreo\\\/#breadcrumb\",\"itemListElement\":[{\"@type\":\"ListItem\",\"position\":1,\"name\":\"Portada\",\"item\":\"https:\\\/\\\/www.plenussupermercados.es\\\/gl\\\/\"},{\"@type\":\"ListItem\",\"position\":2,\"name\":\"A COMISI\u00d3N DE MERCADOS DE CLUSAGA VISITA AQUI\u00c9 H\u00d3RREO\"}]},{\"@type\":\"WebSite\",\"@id\":\"https:\\\/\\\/www.plenussupermercados.es\\\/gl\\\/#website\",\"url\":\"https:\\\/\\\/www.plenussupermercados.es\\\/gl\\\/\",\"name\":\"Supermercados Plenus\",\"description\":\"\",\"publisher\":{\"@id\":\"https:\\\/\\\/www.plenussupermercados.es\\\/gl\\\/#organization\"},\"potentialAction\":[{\"@type\":\"SearchAction\",\"target\":{\"@type\":\"EntryPoint\",\"urlTemplate\":\"https:\\\/\\\/www.plenussupermercados.es\\\/gl\\\/?s={search_term_string}\"},\"query-input\":{\"@type\":\"PropertyValueSpecification\",\"valueRequired\":true,\"valueName\":\"search_term_string\"}}],\"inLanguage\":\"gl-ES\"},{\"@type\":\"Organization\",\"@id\":\"https:\\\/\\\/www.plenussupermercados.es\\\/gl\\\/#organization\",\"name\":\"Supermercados Plenus\",\"url\":\"https:\\\/\\\/www.plenussupermercados.es\\\/gl\\\/\",\"logo\":{\"@type\":\"ImageObject\",\"inLanguage\":\"gl-ES\",\"@id\":\"https:\\\/\\\/www.plenussupermercados.es\\\/gl\\\/#\\\/schema\\\/logo\\\/image\\\/\",\"url\":\"https:\\\/\\\/www.plenussupermercados.es\\\/wp-content\\\/uploads\\\/2024\\\/01\\\/logo-plenus-supermercados.png\",\"contentUrl\":\"https:\\\/\\\/www.plenussupermercados.es\\\/wp-content\\\/uploads\\\/2024\\\/01\\\/logo-plenus-supermercados.png\",\"width\":232,\"height\":57,\"caption\":\"Supermercados Plenus\"},\"image\":{\"@id\":\"https:\\\/\\\/www.plenussupermercados.es\\\/gl\\\/#\\\/schema\\\/logo\\\/image\\\/\"}},{\"@type\":\"Person\",\"@id\":\"https:\\\/\\\/www.plenussupermercados.es\\\/gl\\\/#\\\/schema\\\/person\\\/2d8adef7bb20264c2a1d2f5afc6559a1\",\"name\":\"Marketing\",\"image\":{\"@type\":\"ImageObject\",\"inLanguage\":\"gl-ES\",\"@id\":\"https:\\\/\\\/secure.gravatar.com\\\/avatar\\\/8ded354b39a8b0148f5b1dcf5d15c9851f7e014e20a66c5f23b7c2991bf714cd?s=96&d=mm&r=g\",\"url\":\"https:\\\/\\\/secure.gravatar.com\\\/avatar\\\/8ded354b39a8b0148f5b1dcf5d15c9851f7e014e20a66c5f23b7c2991bf714cd?s=96&d=mm&r=g\",\"contentUrl\":\"https:\\\/\\\/secure.gravatar.com\\\/avatar\\\/8ded354b39a8b0148f5b1dcf5d15c9851f7e014e20a66c5f23b7c2991bf714cd?s=96&d=mm&r=g\",\"caption\":\"Marketing\"}}]}<\/script>\n<!-- \/ Yoast SEO plugin. -->","yoast_head_json":{"title":"A COMISI\u00d3N DE MERCADOS DE CLUSAGA VISITA AQUI\u00c9 H\u00d3RREO - Supermercados Plenus %","robots":{"index":"index","follow":"follow","max-snippet":"max-snippet:-1","max-image-preview":"max-image-preview:large","max-video-preview":"max-video-preview:-1"},"canonical":"https:\/\/www.plenussupermercados.es\/gl\/2025\/03\/13\/clusaga-visita-aquie-horreo\/","og_locale":"gl_ES","og_type":"article","og_title":"A COMISI\u00d3N DE MERCADOS DE CLUSAGA VISITA AQUI\u00c9 H\u00d3RREO - Supermercados Plenus %","og_description":"Aqui\u00e9 H\u00f3rreo tam\u00e9n recibiu unha visita moi especial neste mes de marzo. Os membros do Comit\u00e9 de Mercados da Agrupaci\u00f3n industrial de Alimentaci\u00f3n de Galicia acheg\u00e1ronse a co\u00f1ecer o noso supermercado situado en Santiago de Compostela. Mari Lamelas, supervisora da li\u00f1a de supermercados foi a encargada de guiarlles polos corredores e secci\u00f3ns do supermercado e&hellip;","og_url":"https:\/\/www.plenussupermercados.es\/gl\/2025\/03\/13\/clusaga-visita-aquie-horreo\/","og_site_name":"Supermercados Plenus","article_published_time":"2025-03-13T12:35:41+00:00","article_modified_time":"2025-04-01T11:45:58+00:00","og_image":[{"width":1536,"height":1536,"url":"https:\/\/www.plenussupermercados.es\/wp-content\/uploads\/2025\/03\/aquie-horreo-clusaga.jpg","type":"image\/jpeg"}],"author":"Marketing","twitter_card":"summary_large_image","twitter_misc":{"Escrito por":"Marketing","Tempo de lectura":"1 minuto"},"schema":{"@context":"https:\/\/schema.org","@graph":[{"@type":"Article","@id":"https:\/\/www.plenussupermercados.es\/gl\/2025\/03\/13\/clusaga-visita-aquie-horreo\/#article","isPartOf":{"@id":"https:\/\/www.plenussupermercados.es\/gl\/2025\/03\/13\/clusaga-visita-aquie-horreo\/"},"author":{"name":"Marketing","@id":"https:\/\/www.plenussupermercados.es\/gl\/#\/schema\/person\/2d8adef7bb20264c2a1d2f5afc6559a1"},"headline":"A COMISI\u00d3N DE MERCADOS DE CLUSAGA VISITA AQUI\u00c9 H\u00d3RREO","datePublished":"2025-03-13T12:35:41+00:00","dateModified":"2025-04-01T11:45:58+00:00","mainEntityOfPage":{"@id":"https:\/\/www.plenussupermercados.es\/gl\/2025\/03\/13\/clusaga-visita-aquie-horreo\/"},"wordCount":85,"publisher":{"@id":"https:\/\/www.plenussupermercados.es\/gl\/#organization"},"image":{"@id":"https:\/\/www.plenussupermercados.es\/gl\/2025\/03\/13\/clusaga-visita-aquie-horreo\/#primaryimage"},"thumbnailUrl":"https:\/\/www.plenussupermercados.es\/wp-content\/uploads\/2025\/03\/aquie-horreo-clusaga.jpg","articleSection":["Novas"],"inLanguage":"gl-ES"},{"@type":"WebPage","@id":"https:\/\/www.plenussupermercados.es\/gl\/2025\/03\/13\/clusaga-visita-aquie-horreo\/","url":"https:\/\/www.plenussupermercados.es\/gl\/2025\/03\/13\/clusaga-visita-aquie-horreo\/","name":"A COMISI\u00d3N DE MERCADOS DE CLUSAGA VISITA AQUI\u00c9 H\u00d3RREO - Supermercados Plenus %","isPartOf":{"@id":"https:\/\/www.plenussupermercados.es\/gl\/#website"},"primaryImageOfPage":{"@id":"https:\/\/www.plenussupermercados.es\/gl\/2025\/03\/13\/clusaga-visita-aquie-horreo\/#primaryimage"},"image":{"@id":"https:\/\/www.plenussupermercados.es\/gl\/2025\/03\/13\/clusaga-visita-aquie-horreo\/#primaryimage"},"thumbnailUrl":"https:\/\/www.plenussupermercados.es\/wp-content\/uploads\/2025\/03\/aquie-horreo-clusaga.jpg","datePublished":"2025-03-13T12:35:41+00:00","dateModified":"2025-04-01T11:45:58+00:00","breadcrumb":{"@id":"https:\/\/www.plenussupermercados.es\/gl\/2025\/03\/13\/clusaga-visita-aquie-horreo\/#breadcrumb"},"inLanguage":"gl-ES","potentialAction":[{"@type":"ReadAction","target":["https:\/\/www.plenussupermercados.es\/gl\/2025\/03\/13\/clusaga-visita-aquie-horreo\/"]}]},{"@type":"ImageObject","inLanguage":"gl-ES","@id":"https:\/\/www.plenussupermercados.es\/gl\/2025\/03\/13\/clusaga-visita-aquie-horreo\/#primaryimage","url":"https:\/\/www.plenussupermercados.es\/wp-content\/uploads\/2025\/03\/aquie-horreo-clusaga.jpg","contentUrl":"https:\/\/www.plenussupermercados.es\/wp-content\/uploads\/2025\/03\/aquie-horreo-clusaga.jpg","width":1536,"height":1536},{"@type":"BreadcrumbList","@id":"https:\/\/www.plenussupermercados.es\/gl\/2025\/03\/13\/clusaga-visita-aquie-horreo\/#breadcrumb","itemListElement":[{"@type":"ListItem","position":1,"name":"Portada","item":"https:\/\/www.plenussupermercados.es\/gl\/"},{"@type":"ListItem","position":2,"name":"A COMISI\u00d3N DE MERCADOS DE CLUSAGA VISITA AQUI\u00c9 H\u00d3RREO"}]},{"@type":"WebSite","@id":"https:\/\/www.plenussupermercados.es\/gl\/#website","url":"https:\/\/www.plenussupermercados.es\/gl\/","name":"Supermercados Plenus","description":"","publisher":{"@id":"https:\/\/www.plenussupermercados.es\/gl\/#organization"},"potentialAction":[{"@type":"SearchAction","target":{"@type":"EntryPoint","urlTemplate":"https:\/\/www.plenussupermercados.es\/gl\/?s={search_term_string}"},"query-input":{"@type":"PropertyValueSpecification","valueRequired":true,"valueName":"search_term_string"}}],"inLanguage":"gl-ES"},{"@type":"Organization","@id":"https:\/\/www.plenussupermercados.es\/gl\/#organization","name":"Supermercados Plenus","url":"https:\/\/www.plenussupermercados.es\/gl\/","logo":{"@type":"ImageObject","inLanguage":"gl-ES","@id":"https:\/\/www.plenussupermercados.es\/gl\/#\/schema\/logo\/image\/","url":"https:\/\/www.plenussupermercados.es\/wp-content\/uploads\/2024\/01\/logo-plenus-supermercados.png","contentUrl":"https:\/\/www.plenussupermercados.es\/wp-content\/uploads\/2024\/01\/logo-plenus-supermercados.png","width":232,"height":57,"caption":"Supermercados Plenus"},"image":{"@id":"https:\/\/www.plenussupermercados.es\/gl\/#\/schema\/logo\/image\/"}},{"@type":"Person","@id":"https:\/\/www.plenussupermercados.es\/gl\/#\/schema\/person\/2d8adef7bb20264c2a1d2f5afc6559a1","name":"Marketing","image":{"@type":"ImageObject","inLanguage":"gl-ES","@id":"https:\/\/secure.gravatar.com\/avatar\/8ded354b39a8b0148f5b1dcf5d15c9851f7e014e20a66c5f23b7c2991bf714cd?s=96&d=mm&r=g","url":"https:\/\/secure.gravatar.com\/avatar\/8ded354b39a8b0148f5b1dcf5d15c9851f7e014e20a66c5f23b7c2991bf714cd?s=96&d=mm&r=g","contentUrl":"https:\/\/secure.gravatar.com\/avatar\/8ded354b39a8b0148f5b1dcf5d15c9851f7e014e20a66c5f23b7c2991bf714cd?s=96&d=mm&r=g","caption":"Marketing"}}]}},"_links":{"self":[{"href":"https:\/\/www.plenussupermercados.es\/gl\/wp-json\/wp\/v2\/posts\/41807","targetHints":{"allow":["GET"]}}],"collection":[{"href":"https:\/\/www.plenussupermercados.es\/gl\/wp-json\/wp\/v2\/posts"}],"about":[{"href":"https:\/\/www.plenussupermercados.es\/gl\/wp-json\/wp\/v2\/types\/post"}],"author":[{"embeddable":true,"href":"https:\/\/www.plenussupermercados.es\/gl\/wp-json\/wp\/v2\/users\/3"}],"replies":[{"embeddable":true,"href":"https:\/\/www.plenussupermercados.es\/gl\/wp-json\/wp\/v2\/comments?post=41807"}],"version-history":[{"count":5,"href":"https:\/\/www.plenussupermercados.es\/gl\/wp-json\/wp\/v2\/posts\/41807\/revisions"}],"predecessor-version":[{"id":41825,"href":"https:\/\/www.plenussupermercados.es\/gl\/wp-json\/wp\/v2\/posts\/41807\/revisions\/41825"}],"wp:featuredmedia":[{"embeddable":true,"href":"https:\/\/www.plenussupermercados.es\/gl\/wp-json\/wp\/v2\/media\/41824"}],"wp:attachment":[{"href":"https:\/\/www.plenussupermercados.es\/gl\/wp-json\/wp\/v2\/media?parent=41807"}],"wp:term":[{"taxonomy":"category","embeddable":true,"href":"https:\/\/www.plenussupermercados.es\/gl\/wp-json\/wp\/v2\/categories?post=41807"},{"taxonomy":"post_tag","embeddable":true,"href":"https:\/\/www.plenussupermercados.es\/gl\/wp-json\/wp\/v2\/tags?post=41807"}],"curies":[{"name":"wp","href":"https:\/\/api.w.org\/{rel}","templated":true}]}}