{"id":43089,"date":"2025-06-10T17:41:24","date_gmt":"2025-06-10T15:41:24","guid":{"rendered":"https:\/\/www.plenussupermercados.es\/\/?p=43089"},"modified":"2025-06-10T17:47:43","modified_gmt":"2025-06-10T15:47:43","slug":"accem-visita-plenus-camelias","status":"publish","type":"post","link":"https:\/\/www.plenussupermercados.es\/gl\/2025\/06\/10\/accem-visita-plenus-camelias\/","title":{"rendered":"ACCEM VISITA PLENUS CAMELIAS"},"content":{"rendered":"\t\t<div data-elementor-type=\"wp-post\" data-elementor-id=\"43089\" class=\"elementor elementor-43089 elementor-43088\" data-elementor-post-type=\"post\">\n\t\t\t\t\t\t<section class=\"elementor-section elementor-top-section elementor-element elementor-element-9d0ea07 elementor-section-boxed elementor-section-height-default elementor-section-height-default\" data-id=\"9d0ea07\" data-element_type=\"section\" data-e-type=\"section\">\n\t\t\t\t\t\t<div class=\"elementor-container elementor-column-gap-default\">\n\t\t\t\t\t<div class=\"elementor-column elementor-col-100 elementor-top-column elementor-element elementor-element-478c242\" data-id=\"478c242\" data-element_type=\"column\" data-e-type=\"column\">\n\t\t\t<div class=\"elementor-widget-wrap elementor-element-populated\">\n\t\t\t\t\t\t<div class=\"elementor-element elementor-element-3dfd20e elementor-widget elementor-widget-text-editor\" data-id=\"3dfd20e\" data-element_type=\"widget\" data-e-type=\"widget\" data-widget_type=\"text-editor.default\">\n\t\t\t\t<div class=\"elementor-widget-container\">\n\t\t\t\t\t\t\t\t\t<p>Desde Grupo Cuevas fomentamos a alimentaci\u00f3n saudable, e diso deriva o co\u00f1ecer a orixe de cada alimento, como o eliximos e onde o compramos. Por iso, sabemos o importante que \u00e9 informar e formar desde o sector da alimentaci\u00f3n, achegando sempre de forma clara e accesible toda a informaci\u00f3n posible sobre cada alimento.<\/p>\n<p>Estes \u00faltimos d\u00edas recibimos no noso s\u00faper Plenus Camelias, en Vigo, a visita de dous grupos de persoas da asociaci\u00f3n ACCEM, no marco dunha visita guiada sobre h\u00e1bitos de compra saudables, cos nosos compa\u00f1eiros de tenda. Nas visitas, ambos os grupos co\u00f1eceron de primeira man a organizaci\u00f3n de cada secci\u00f3n, a informaci\u00f3n das etiquetas dos produtos e a identificaci\u00f3n correcta para unha dieta equilibrada.<\/p>\n\t\t\t\t\t\t\t\t<\/div>\n\t\t\t\t<\/div>\n\t\t\t\t\t<\/div>\n\t\t<\/div>\n\t\t\t\t\t<\/div>\n\t\t<\/section>\n\t\t\t\t<\/div>\n\t\t","protected":false},"excerpt":{"rendered":"<p>Desde Grupo Cuevas fomentamos a alimentaci\u00f3n saudable, e diso deriva o co\u00f1ecer a orixe de cada alimento, como o eliximos e onde o compramos. Por iso, sabemos o importante que \u00e9 informar e formar desde o sector da alimentaci\u00f3n, achegando sempre de forma clara e accesible toda a informaci\u00f3n posible sobre cada alimento. Estes \u00faltimos&hellip;<\/p>\n","protected":false},"author":3,"featured_media":43097,"comment_status":"closed","ping_status":"closed","sticky":false,"template":"","format":"standard","meta":{"_acf_changed":false,"wprm-recipe-roundup-name":"","wprm-recipe-roundup-description":"","footnotes":""},"categories":[1031],"tags":[],"class_list":["post-43089","post","type-post","status-publish","format-standard","has-post-thumbnail","hentry","category-novas"],"acf":[],"yoast_head":"<!-- This site is optimized with the Yoast SEO plugin v27.5 - https:\/\/yoast.com\/product\/yoast-seo-wordpress\/ -->\n<title>ACCEM VISITA PLENUS CAMELIAS - Supermercados Plenus %<\/title>\n<meta name=\"robots\" content=\"index, follow, max-snippet:-1, max-image-preview:large, max-video-preview:-1\" \/>\n<link rel=\"canonical\" href=\"https:\/\/www.plenussupermercados.es\/gl\/2025\/06\/10\/accem-visita-plenus-camelias\/\" \/>\n<meta property=\"og:locale\" content=\"gl_ES\" \/>\n<meta property=\"og:type\" content=\"article\" \/>\n<meta property=\"og:title\" content=\"ACCEM VISITA PLENUS CAMELIAS - Supermercados Plenus %\" \/>\n<meta property=\"og:description\" content=\"Desde Grupo Cuevas fomentamos a alimentaci\u00f3n saudable, e diso deriva o co\u00f1ecer a orixe de cada alimento, como o eliximos e onde o compramos. Por iso, sabemos o importante que \u00e9 informar e formar desde o sector da alimentaci\u00f3n, achegando sempre de forma clara e accesible toda a informaci\u00f3n posible sobre cada alimento. Estes \u00faltimos&hellip;\" \/>\n<meta property=\"og:url\" content=\"https:\/\/www.plenussupermercados.es\/gl\/2025\/06\/10\/accem-visita-plenus-camelias\/\" \/>\n<meta property=\"og:site_name\" content=\"Supermercados Plenus\" \/>\n<meta property=\"article:published_time\" content=\"2025-06-10T15:41:24+00:00\" \/>\n<meta property=\"article:modified_time\" content=\"2025-06-10T15:47:43+00:00\" \/>\n<meta property=\"og:image\" content=\"https:\/\/www.plenussupermercados.es\/wp-content\/uploads\/2025\/06\/visita-accem-2025--1024x1024.jpg\" \/>\n\t<meta property=\"og:image:width\" content=\"1024\" \/>\n\t<meta property=\"og:image:height\" content=\"1024\" \/>\n\t<meta property=\"og:image:type\" content=\"image\/jpeg\" \/>\n<meta name=\"author\" content=\"Marketing\" \/>\n<meta name=\"twitter:card\" content=\"summary_large_image\" \/>\n<meta name=\"twitter:label1\" content=\"Escrito por\" \/>\n\t<meta name=\"twitter:data1\" content=\"Marketing\" \/>\n\t<meta name=\"twitter:label2\" content=\"Tempo de lectura\" \/>\n\t<meta name=\"twitter:data2\" content=\"1 minuto\" \/>\n<script type=\"application\/ld+json\" class=\"yoast-schema-graph\">{\"@context\":\"https:\\\/\\\/schema.org\",\"@graph\":[{\"@type\":\"Article\",\"@id\":\"https:\\\/\\\/www.plenussupermercados.es\\\/gl\\\/2025\\\/06\\\/10\\\/accem-visita-plenus-camelias\\\/#article\",\"isPartOf\":{\"@id\":\"https:\\\/\\\/www.plenussupermercados.es\\\/gl\\\/2025\\\/06\\\/10\\\/accem-visita-plenus-camelias\\\/\"},\"author\":{\"name\":\"Marketing\",\"@id\":\"https:\\\/\\\/www.plenussupermercados.es\\\/gl\\\/#\\\/schema\\\/person\\\/2d8adef7bb20264c2a1d2f5afc6559a1\"},\"headline\":\"ACCEM VISITA PLENUS CAMELIAS\",\"datePublished\":\"2025-06-10T15:41:24+00:00\",\"dateModified\":\"2025-06-10T15:47:43+00:00\",\"mainEntityOfPage\":{\"@id\":\"https:\\\/\\\/www.plenussupermercados.es\\\/gl\\\/2025\\\/06\\\/10\\\/accem-visita-plenus-camelias\\\/\"},\"wordCount\":134,\"publisher\":{\"@id\":\"https:\\\/\\\/www.plenussupermercados.es\\\/gl\\\/#organization\"},\"image\":{\"@id\":\"https:\\\/\\\/www.plenussupermercados.es\\\/gl\\\/2025\\\/06\\\/10\\\/accem-visita-plenus-camelias\\\/#primaryimage\"},\"thumbnailUrl\":\"https:\\\/\\\/www.plenussupermercados.es\\\/wp-content\\\/uploads\\\/2025\\\/06\\\/visita-accem-2025-.jpg\",\"articleSection\":[\"Novas\"],\"inLanguage\":\"gl-ES\"},{\"@type\":\"WebPage\",\"@id\":\"https:\\\/\\\/www.plenussupermercados.es\\\/gl\\\/2025\\\/06\\\/10\\\/accem-visita-plenus-camelias\\\/\",\"url\":\"https:\\\/\\\/www.plenussupermercados.es\\\/gl\\\/2025\\\/06\\\/10\\\/accem-visita-plenus-camelias\\\/\",\"name\":\"ACCEM VISITA PLENUS CAMELIAS - Supermercados Plenus %\",\"isPartOf\":{\"@id\":\"https:\\\/\\\/www.plenussupermercados.es\\\/gl\\\/#website\"},\"primaryImageOfPage\":{\"@id\":\"https:\\\/\\\/www.plenussupermercados.es\\\/gl\\\/2025\\\/06\\\/10\\\/accem-visita-plenus-camelias\\\/#primaryimage\"},\"image\":{\"@id\":\"https:\\\/\\\/www.plenussupermercados.es\\\/gl\\\/2025\\\/06\\\/10\\\/accem-visita-plenus-camelias\\\/#primaryimage\"},\"thumbnailUrl\":\"https:\\\/\\\/www.plenussupermercados.es\\\/wp-content\\\/uploads\\\/2025\\\/06\\\/visita-accem-2025-.jpg\",\"datePublished\":\"2025-06-10T15:41:24+00:00\",\"dateModified\":\"2025-06-10T15:47:43+00:00\",\"breadcrumb\":{\"@id\":\"https:\\\/\\\/www.plenussupermercados.es\\\/gl\\\/2025\\\/06\\\/10\\\/accem-visita-plenus-camelias\\\/#breadcrumb\"},\"inLanguage\":\"gl-ES\",\"potentialAction\":[{\"@type\":\"ReadAction\",\"target\":[\"https:\\\/\\\/www.plenussupermercados.es\\\/gl\\\/2025\\\/06\\\/10\\\/accem-visita-plenus-camelias\\\/\"]}]},{\"@type\":\"ImageObject\",\"inLanguage\":\"gl-ES\",\"@id\":\"https:\\\/\\\/www.plenussupermercados.es\\\/gl\\\/2025\\\/06\\\/10\\\/accem-visita-plenus-camelias\\\/#primaryimage\",\"url\":\"https:\\\/\\\/www.plenussupermercados.es\\\/wp-content\\\/uploads\\\/2025\\\/06\\\/visita-accem-2025-.jpg\",\"contentUrl\":\"https:\\\/\\\/www.plenussupermercados.es\\\/wp-content\\\/uploads\\\/2025\\\/06\\\/visita-accem-2025-.jpg\",\"width\":2559,\"height\":2559},{\"@type\":\"BreadcrumbList\",\"@id\":\"https:\\\/\\\/www.plenussupermercados.es\\\/gl\\\/2025\\\/06\\\/10\\\/accem-visita-plenus-camelias\\\/#breadcrumb\",\"itemListElement\":[{\"@type\":\"ListItem\",\"position\":1,\"name\":\"Portada\",\"item\":\"https:\\\/\\\/www.plenussupermercados.es\\\/gl\\\/\"},{\"@type\":\"ListItem\",\"position\":2,\"name\":\"ACCEM VISITA PLENUS CAMELIAS\"}]},{\"@type\":\"WebSite\",\"@id\":\"https:\\\/\\\/www.plenussupermercados.es\\\/gl\\\/#website\",\"url\":\"https:\\\/\\\/www.plenussupermercados.es\\\/gl\\\/\",\"name\":\"Supermercados Plenus\",\"description\":\"\",\"publisher\":{\"@id\":\"https:\\\/\\\/www.plenussupermercados.es\\\/gl\\\/#organization\"},\"potentialAction\":[{\"@type\":\"SearchAction\",\"target\":{\"@type\":\"EntryPoint\",\"urlTemplate\":\"https:\\\/\\\/www.plenussupermercados.es\\\/gl\\\/?s={search_term_string}\"},\"query-input\":{\"@type\":\"PropertyValueSpecification\",\"valueRequired\":true,\"valueName\":\"search_term_string\"}}],\"inLanguage\":\"gl-ES\"},{\"@type\":\"Organization\",\"@id\":\"https:\\\/\\\/www.plenussupermercados.es\\\/gl\\\/#organization\",\"name\":\"Supermercados Plenus\",\"url\":\"https:\\\/\\\/www.plenussupermercados.es\\\/gl\\\/\",\"logo\":{\"@type\":\"ImageObject\",\"inLanguage\":\"gl-ES\",\"@id\":\"https:\\\/\\\/www.plenussupermercados.es\\\/gl\\\/#\\\/schema\\\/logo\\\/image\\\/\",\"url\":\"https:\\\/\\\/www.plenussupermercados.es\\\/wp-content\\\/uploads\\\/2024\\\/01\\\/logo-plenus-supermercados.png\",\"contentUrl\":\"https:\\\/\\\/www.plenussupermercados.es\\\/wp-content\\\/uploads\\\/2024\\\/01\\\/logo-plenus-supermercados.png\",\"width\":232,\"height\":57,\"caption\":\"Supermercados Plenus\"},\"image\":{\"@id\":\"https:\\\/\\\/www.plenussupermercados.es\\\/gl\\\/#\\\/schema\\\/logo\\\/image\\\/\"}},{\"@type\":\"Person\",\"@id\":\"https:\\\/\\\/www.plenussupermercados.es\\\/gl\\\/#\\\/schema\\\/person\\\/2d8adef7bb20264c2a1d2f5afc6559a1\",\"name\":\"Marketing\",\"image\":{\"@type\":\"ImageObject\",\"inLanguage\":\"gl-ES\",\"@id\":\"https:\\\/\\\/secure.gravatar.com\\\/avatar\\\/8ded354b39a8b0148f5b1dcf5d15c9851f7e014e20a66c5f23b7c2991bf714cd?s=96&d=mm&r=g\",\"url\":\"https:\\\/\\\/secure.gravatar.com\\\/avatar\\\/8ded354b39a8b0148f5b1dcf5d15c9851f7e014e20a66c5f23b7c2991bf714cd?s=96&d=mm&r=g\",\"contentUrl\":\"https:\\\/\\\/secure.gravatar.com\\\/avatar\\\/8ded354b39a8b0148f5b1dcf5d15c9851f7e014e20a66c5f23b7c2991bf714cd?s=96&d=mm&r=g\",\"caption\":\"Marketing\"}}]}<\/script>\n<!-- \/ Yoast SEO plugin. -->","yoast_head_json":{"title":"ACCEM VISITA PLENUS CAMELIAS - Supermercados Plenus %","robots":{"index":"index","follow":"follow","max-snippet":"max-snippet:-1","max-image-preview":"max-image-preview:large","max-video-preview":"max-video-preview:-1"},"canonical":"https:\/\/www.plenussupermercados.es\/gl\/2025\/06\/10\/accem-visita-plenus-camelias\/","og_locale":"gl_ES","og_type":"article","og_title":"ACCEM VISITA PLENUS CAMELIAS - Supermercados Plenus %","og_description":"Desde Grupo Cuevas fomentamos a alimentaci\u00f3n saudable, e diso deriva o co\u00f1ecer a orixe de cada alimento, como o eliximos e onde o compramos. Por iso, sabemos o importante que \u00e9 informar e formar desde o sector da alimentaci\u00f3n, achegando sempre de forma clara e accesible toda a informaci\u00f3n posible sobre cada alimento. Estes \u00faltimos&hellip;","og_url":"https:\/\/www.plenussupermercados.es\/gl\/2025\/06\/10\/accem-visita-plenus-camelias\/","og_site_name":"Supermercados Plenus","article_published_time":"2025-06-10T15:41:24+00:00","article_modified_time":"2025-06-10T15:47:43+00:00","og_image":[{"width":1024,"height":1024,"url":"https:\/\/www.plenussupermercados.es\/wp-content\/uploads\/2025\/06\/visita-accem-2025--1024x1024.jpg","type":"image\/jpeg"}],"author":"Marketing","twitter_card":"summary_large_image","twitter_misc":{"Escrito por":"Marketing","Tempo de lectura":"1 minuto"},"schema":{"@context":"https:\/\/schema.org","@graph":[{"@type":"Article","@id":"https:\/\/www.plenussupermercados.es\/gl\/2025\/06\/10\/accem-visita-plenus-camelias\/#article","isPartOf":{"@id":"https:\/\/www.plenussupermercados.es\/gl\/2025\/06\/10\/accem-visita-plenus-camelias\/"},"author":{"name":"Marketing","@id":"https:\/\/www.plenussupermercados.es\/gl\/#\/schema\/person\/2d8adef7bb20264c2a1d2f5afc6559a1"},"headline":"ACCEM VISITA PLENUS CAMELIAS","datePublished":"2025-06-10T15:41:24+00:00","dateModified":"2025-06-10T15:47:43+00:00","mainEntityOfPage":{"@id":"https:\/\/www.plenussupermercados.es\/gl\/2025\/06\/10\/accem-visita-plenus-camelias\/"},"wordCount":134,"publisher":{"@id":"https:\/\/www.plenussupermercados.es\/gl\/#organization"},"image":{"@id":"https:\/\/www.plenussupermercados.es\/gl\/2025\/06\/10\/accem-visita-plenus-camelias\/#primaryimage"},"thumbnailUrl":"https:\/\/www.plenussupermercados.es\/wp-content\/uploads\/2025\/06\/visita-accem-2025-.jpg","articleSection":["Novas"],"inLanguage":"gl-ES"},{"@type":"WebPage","@id":"https:\/\/www.plenussupermercados.es\/gl\/2025\/06\/10\/accem-visita-plenus-camelias\/","url":"https:\/\/www.plenussupermercados.es\/gl\/2025\/06\/10\/accem-visita-plenus-camelias\/","name":"ACCEM VISITA PLENUS CAMELIAS - Supermercados Plenus %","isPartOf":{"@id":"https:\/\/www.plenussupermercados.es\/gl\/#website"},"primaryImageOfPage":{"@id":"https:\/\/www.plenussupermercados.es\/gl\/2025\/06\/10\/accem-visita-plenus-camelias\/#primaryimage"},"image":{"@id":"https:\/\/www.plenussupermercados.es\/gl\/2025\/06\/10\/accem-visita-plenus-camelias\/#primaryimage"},"thumbnailUrl":"https:\/\/www.plenussupermercados.es\/wp-content\/uploads\/2025\/06\/visita-accem-2025-.jpg","datePublished":"2025-06-10T15:41:24+00:00","dateModified":"2025-06-10T15:47:43+00:00","breadcrumb":{"@id":"https:\/\/www.plenussupermercados.es\/gl\/2025\/06\/10\/accem-visita-plenus-camelias\/#breadcrumb"},"inLanguage":"gl-ES","potentialAction":[{"@type":"ReadAction","target":["https:\/\/www.plenussupermercados.es\/gl\/2025\/06\/10\/accem-visita-plenus-camelias\/"]}]},{"@type":"ImageObject","inLanguage":"gl-ES","@id":"https:\/\/www.plenussupermercados.es\/gl\/2025\/06\/10\/accem-visita-plenus-camelias\/#primaryimage","url":"https:\/\/www.plenussupermercados.es\/wp-content\/uploads\/2025\/06\/visita-accem-2025-.jpg","contentUrl":"https:\/\/www.plenussupermercados.es\/wp-content\/uploads\/2025\/06\/visita-accem-2025-.jpg","width":2559,"height":2559},{"@type":"BreadcrumbList","@id":"https:\/\/www.plenussupermercados.es\/gl\/2025\/06\/10\/accem-visita-plenus-camelias\/#breadcrumb","itemListElement":[{"@type":"ListItem","position":1,"name":"Portada","item":"https:\/\/www.plenussupermercados.es\/gl\/"},{"@type":"ListItem","position":2,"name":"ACCEM VISITA PLENUS CAMELIAS"}]},{"@type":"WebSite","@id":"https:\/\/www.plenussupermercados.es\/gl\/#website","url":"https:\/\/www.plenussupermercados.es\/gl\/","name":"Supermercados Plenus","description":"","publisher":{"@id":"https:\/\/www.plenussupermercados.es\/gl\/#organization"},"potentialAction":[{"@type":"SearchAction","target":{"@type":"EntryPoint","urlTemplate":"https:\/\/www.plenussupermercados.es\/gl\/?s={search_term_string}"},"query-input":{"@type":"PropertyValueSpecification","valueRequired":true,"valueName":"search_term_string"}}],"inLanguage":"gl-ES"},{"@type":"Organization","@id":"https:\/\/www.plenussupermercados.es\/gl\/#organization","name":"Supermercados Plenus","url":"https:\/\/www.plenussupermercados.es\/gl\/","logo":{"@type":"ImageObject","inLanguage":"gl-ES","@id":"https:\/\/www.plenussupermercados.es\/gl\/#\/schema\/logo\/image\/","url":"https:\/\/www.plenussupermercados.es\/wp-content\/uploads\/2024\/01\/logo-plenus-supermercados.png","contentUrl":"https:\/\/www.plenussupermercados.es\/wp-content\/uploads\/2024\/01\/logo-plenus-supermercados.png","width":232,"height":57,"caption":"Supermercados Plenus"},"image":{"@id":"https:\/\/www.plenussupermercados.es\/gl\/#\/schema\/logo\/image\/"}},{"@type":"Person","@id":"https:\/\/www.plenussupermercados.es\/gl\/#\/schema\/person\/2d8adef7bb20264c2a1d2f5afc6559a1","name":"Marketing","image":{"@type":"ImageObject","inLanguage":"gl-ES","@id":"https:\/\/secure.gravatar.com\/avatar\/8ded354b39a8b0148f5b1dcf5d15c9851f7e014e20a66c5f23b7c2991bf714cd?s=96&d=mm&r=g","url":"https:\/\/secure.gravatar.com\/avatar\/8ded354b39a8b0148f5b1dcf5d15c9851f7e014e20a66c5f23b7c2991bf714cd?s=96&d=mm&r=g","contentUrl":"https:\/\/secure.gravatar.com\/avatar\/8ded354b39a8b0148f5b1dcf5d15c9851f7e014e20a66c5f23b7c2991bf714cd?s=96&d=mm&r=g","caption":"Marketing"}}]}},"_links":{"self":[{"href":"https:\/\/www.plenussupermercados.es\/gl\/wp-json\/wp\/v2\/posts\/43089","targetHints":{"allow":["GET"]}}],"collection":[{"href":"https:\/\/www.plenussupermercados.es\/gl\/wp-json\/wp\/v2\/posts"}],"about":[{"href":"https:\/\/www.plenussupermercados.es\/gl\/wp-json\/wp\/v2\/types\/post"}],"author":[{"embeddable":true,"href":"https:\/\/www.plenussupermercados.es\/gl\/wp-json\/wp\/v2\/users\/3"}],"replies":[{"embeddable":true,"href":"https:\/\/www.plenussupermercados.es\/gl\/wp-json\/wp\/v2\/comments?post=43089"}],"version-history":[{"count":3,"href":"https:\/\/www.plenussupermercados.es\/gl\/wp-json\/wp\/v2\/posts\/43089\/revisions"}],"predecessor-version":[{"id":43102,"href":"https:\/\/www.plenussupermercados.es\/gl\/wp-json\/wp\/v2\/posts\/43089\/revisions\/43102"}],"wp:featuredmedia":[{"embeddable":true,"href":"https:\/\/www.plenussupermercados.es\/gl\/wp-json\/wp\/v2\/media\/43097"}],"wp:attachment":[{"href":"https:\/\/www.plenussupermercados.es\/gl\/wp-json\/wp\/v2\/media?parent=43089"}],"wp:term":[{"taxonomy":"category","embeddable":true,"href":"https:\/\/www.plenussupermercados.es\/gl\/wp-json\/wp\/v2\/categories?post=43089"},{"taxonomy":"post_tag","embeddable":true,"href":"https:\/\/www.plenussupermercados.es\/gl\/wp-json\/wp\/v2\/tags?post=43089"}],"curies":[{"name":"wp","href":"https:\/\/api.w.org\/{rel}","templated":true}]}}