{"id":46250,"date":"2026-03-17T11:06:21","date_gmt":"2026-03-17T10:06:21","guid":{"rendered":"https:\/\/www.plenussupermercados.es\/?p=46250"},"modified":"2026-03-17T11:13:14","modified_gmt":"2026-03-17T10:13:14","slug":"os-alumnos-de-academia-postal-visitan-aquie-fleming-2","status":"publish","type":"post","link":"https:\/\/www.plenussupermercados.es\/gl\/2026\/03\/17\/os-alumnos-de-academia-postal-visitan-aquie-fleming-2\/","title":{"rendered":"OS ALUMNOS DE ACADEMIA POSTAL VISITAN AQUI\u00c9 FLEMING"},"content":{"rendered":"\t\t<div data-elementor-type=\"wp-post\" data-elementor-id=\"46250\" class=\"elementor elementor-46250 elementor-46249\" data-elementor-post-type=\"post\">\n\t\t\t\t\t\t<section class=\"elementor-section elementor-top-section elementor-element elementor-element-9d0ea07 elementor-section-boxed elementor-section-height-default elementor-section-height-default\" data-id=\"9d0ea07\" data-element_type=\"section\" data-e-type=\"section\">\n\t\t\t\t\t\t<div class=\"elementor-container elementor-column-gap-default\">\n\t\t\t\t\t<div class=\"elementor-column elementor-col-100 elementor-top-column elementor-element elementor-element-478c242\" data-id=\"478c242\" data-element_type=\"column\" data-e-type=\"column\">\n\t\t\t<div class=\"elementor-widget-wrap elementor-element-populated\">\n\t\t\t\t\t\t<div class=\"elementor-element elementor-element-3dfd20e elementor-widget elementor-widget-text-editor\" data-id=\"3dfd20e\" data-element_type=\"widget\" data-e-type=\"widget\" data-widget_type=\"text-editor.default\">\n\t\t\t\t<div class=\"elementor-widget-container\">\n\t\t\t\t\t\t\t\t\t<p>Esta ma\u00f1\u00e1 tivemos o pracer de recibir no noso supermercado Aqui\u00e9 de Fleming a un grupo de alumnos do curso \u201cActividades auxiliares de caixa e reposici\u00f3n e preparaci\u00f3n de pedidos\u201d, nunha xornada orientada a achegar a teor\u00eda de aula a unha contorna profesional real.<br \/><br \/>Durante a visita, Silvia, encargada de tenda, mostrou ao grupo a organizaci\u00f3n das secci\u00f3ns, a xesti\u00f3n da reposici\u00f3n, o percorrido dos clientes, e os aspectos que fan especiais aos supermercados Aqui\u00e9. Tam\u00e9n puideron co\u00f1ecer de preto como a dixitalizaci\u00f3n e as ferramentas tecnol\u00f3xicas facilitan a xesti\u00f3n do inventario e melloran a experiencia dos clientes.<br \/><br \/>Ao finalizar a visita, os alumnos destacaron a amabilidade do persoal e o dese\u00f1o estrat\u00e9xico do supermercado.<br \/><br \/>En Grupo Cuevas, pensamos que achegar a empresa \u00e1s aulas \u00e9 fundamental para preparar aos futuros profesionais do comercio e a distribuci\u00f3n. Agradecemos a implicaci\u00f3n dos centros educativos e dos propios alumnos neste tipo de iniciativas, que nos permiten sumar talento e co\u00f1ecemento ao sector.<\/p>\t\t\t\t\t\t\t\t<\/div>\n\t\t\t\t<\/div>\n\t\t\t\t\t<\/div>\n\t\t<\/div>\n\t\t\t\t\t<\/div>\n\t\t<\/section>\n\t\t\t\t<\/div>\n\t\t","protected":false},"excerpt":{"rendered":"<p>Esta ma\u00f1\u00e1 tivemos o pracer de recibir no noso supermercado Aqui\u00e9 de Fleming a un grupo de alumnos do curso \u201cActividades auxiliares de caixa e reposici\u00f3n e preparaci\u00f3n de pedidos\u201d, nunha xornada orientada a achegar a teor\u00eda de aula a unha contorna profesional real. Durante a visita, Silvia, encargada de tenda, mostrou ao grupo a&hellip;<\/p>\n","protected":false},"author":3,"featured_media":46259,"comment_status":"closed","ping_status":"closed","sticky":false,"template":"","format":"standard","meta":{"_acf_changed":false,"wprm-recipe-roundup-name":"","wprm-recipe-roundup-description":"","footnotes":""},"categories":[1031],"tags":[],"class_list":["post-46250","post","type-post","status-publish","format-standard","has-post-thumbnail","hentry","category-novas"],"acf":[],"yoast_head":"<!-- This site is optimized with the Yoast SEO plugin v27.5 - https:\/\/yoast.com\/product\/yoast-seo-wordpress\/ -->\n<title>OS ALUMNOS DE ACADEMIA POSTAL VISITAN AQUI\u00c9 FLEMING - Supermercados Plenus %<\/title>\n<meta name=\"robots\" content=\"index, follow, max-snippet:-1, max-image-preview:large, max-video-preview:-1\" \/>\n<link rel=\"canonical\" href=\"https:\/\/www.plenussupermercados.es\/gl\/2026\/03\/17\/os-alumnos-de-academia-postal-visitan-aquie-fleming-2\/\" \/>\n<meta property=\"og:locale\" content=\"gl_ES\" \/>\n<meta property=\"og:type\" content=\"article\" \/>\n<meta property=\"og:title\" content=\"OS ALUMNOS DE ACADEMIA POSTAL VISITAN AQUI\u00c9 FLEMING - Supermercados Plenus %\" \/>\n<meta property=\"og:description\" content=\"Esta ma\u00f1\u00e1 tivemos o pracer de recibir no noso supermercado Aqui\u00e9 de Fleming a un grupo de alumnos do curso \u201cActividades auxiliares de caixa e reposici\u00f3n e preparaci\u00f3n de pedidos\u201d, nunha xornada orientada a achegar a teor\u00eda de aula a unha contorna profesional real. Durante a visita, Silvia, encargada de tenda, mostrou ao grupo a&hellip;\" \/>\n<meta property=\"og:url\" content=\"https:\/\/www.plenussupermercados.es\/gl\/2026\/03\/17\/os-alumnos-de-academia-postal-visitan-aquie-fleming-2\/\" \/>\n<meta property=\"og:site_name\" content=\"Supermercados Plenus\" \/>\n<meta property=\"article:published_time\" content=\"2026-03-17T10:06:21+00:00\" \/>\n<meta property=\"article:modified_time\" content=\"2026-03-17T10:13:14+00:00\" \/>\n<meta property=\"og:image\" content=\"https:\/\/www.plenussupermercados.es\/wp-content\/uploads\/2026\/03\/visita-academia-postal-fleming-2026-scaled.jpg\" \/>\n\t<meta property=\"og:image:width\" content=\"2560\" \/>\n\t<meta property=\"og:image:height\" content=\"2560\" \/>\n\t<meta property=\"og:image:type\" content=\"image\/jpeg\" \/>\n<meta name=\"author\" content=\"Marketing\" \/>\n<meta name=\"twitter:card\" content=\"summary_large_image\" \/>\n<meta name=\"twitter:label1\" content=\"Escrito por\" \/>\n\t<meta name=\"twitter:data1\" content=\"Marketing\" \/>\n\t<meta name=\"twitter:label2\" content=\"Tempo de lectura\" \/>\n\t<meta name=\"twitter:data2\" content=\"1 minuto\" \/>\n<script type=\"application\/ld+json\" class=\"yoast-schema-graph\">{\"@context\":\"https:\\\/\\\/schema.org\",\"@graph\":[{\"@type\":\"Article\",\"@id\":\"https:\\\/\\\/www.plenussupermercados.es\\\/gl\\\/2026\\\/03\\\/17\\\/os-alumnos-de-academia-postal-visitan-aquie-fleming-2\\\/#article\",\"isPartOf\":{\"@id\":\"https:\\\/\\\/www.plenussupermercados.es\\\/gl\\\/2026\\\/03\\\/17\\\/os-alumnos-de-academia-postal-visitan-aquie-fleming-2\\\/\"},\"author\":{\"name\":\"Marketing\",\"@id\":\"https:\\\/\\\/www.plenussupermercados.es\\\/gl\\\/#\\\/schema\\\/person\\\/2d8adef7bb20264c2a1d2f5afc6559a1\"},\"headline\":\"OS ALUMNOS DE ACADEMIA POSTAL VISITAN AQUI\u00c9 FLEMING\",\"datePublished\":\"2026-03-17T10:06:21+00:00\",\"dateModified\":\"2026-03-17T10:13:14+00:00\",\"mainEntityOfPage\":{\"@id\":\"https:\\\/\\\/www.plenussupermercados.es\\\/gl\\\/2026\\\/03\\\/17\\\/os-alumnos-de-academia-postal-visitan-aquie-fleming-2\\\/\"},\"wordCount\":184,\"publisher\":{\"@id\":\"https:\\\/\\\/www.plenussupermercados.es\\\/gl\\\/#organization\"},\"image\":{\"@id\":\"https:\\\/\\\/www.plenussupermercados.es\\\/gl\\\/2026\\\/03\\\/17\\\/os-alumnos-de-academia-postal-visitan-aquie-fleming-2\\\/#primaryimage\"},\"thumbnailUrl\":\"https:\\\/\\\/www.plenussupermercados.es\\\/wp-content\\\/uploads\\\/2026\\\/03\\\/visita-academia-postal-fleming-2026-scaled.jpg\",\"articleSection\":[\"Novas\"],\"inLanguage\":\"gl-ES\"},{\"@type\":\"WebPage\",\"@id\":\"https:\\\/\\\/www.plenussupermercados.es\\\/gl\\\/2026\\\/03\\\/17\\\/os-alumnos-de-academia-postal-visitan-aquie-fleming-2\\\/\",\"url\":\"https:\\\/\\\/www.plenussupermercados.es\\\/gl\\\/2026\\\/03\\\/17\\\/os-alumnos-de-academia-postal-visitan-aquie-fleming-2\\\/\",\"name\":\"OS ALUMNOS DE ACADEMIA POSTAL VISITAN AQUI\u00c9 FLEMING - Supermercados Plenus %\",\"isPartOf\":{\"@id\":\"https:\\\/\\\/www.plenussupermercados.es\\\/gl\\\/#website\"},\"primaryImageOfPage\":{\"@id\":\"https:\\\/\\\/www.plenussupermercados.es\\\/gl\\\/2026\\\/03\\\/17\\\/os-alumnos-de-academia-postal-visitan-aquie-fleming-2\\\/#primaryimage\"},\"image\":{\"@id\":\"https:\\\/\\\/www.plenussupermercados.es\\\/gl\\\/2026\\\/03\\\/17\\\/os-alumnos-de-academia-postal-visitan-aquie-fleming-2\\\/#primaryimage\"},\"thumbnailUrl\":\"https:\\\/\\\/www.plenussupermercados.es\\\/wp-content\\\/uploads\\\/2026\\\/03\\\/visita-academia-postal-fleming-2026-scaled.jpg\",\"datePublished\":\"2026-03-17T10:06:21+00:00\",\"dateModified\":\"2026-03-17T10:13:14+00:00\",\"breadcrumb\":{\"@id\":\"https:\\\/\\\/www.plenussupermercados.es\\\/gl\\\/2026\\\/03\\\/17\\\/os-alumnos-de-academia-postal-visitan-aquie-fleming-2\\\/#breadcrumb\"},\"inLanguage\":\"gl-ES\",\"potentialAction\":[{\"@type\":\"ReadAction\",\"target\":[\"https:\\\/\\\/www.plenussupermercados.es\\\/gl\\\/2026\\\/03\\\/17\\\/os-alumnos-de-academia-postal-visitan-aquie-fleming-2\\\/\"]}]},{\"@type\":\"ImageObject\",\"inLanguage\":\"gl-ES\",\"@id\":\"https:\\\/\\\/www.plenussupermercados.es\\\/gl\\\/2026\\\/03\\\/17\\\/os-alumnos-de-academia-postal-visitan-aquie-fleming-2\\\/#primaryimage\",\"url\":\"https:\\\/\\\/www.plenussupermercados.es\\\/wp-content\\\/uploads\\\/2026\\\/03\\\/visita-academia-postal-fleming-2026-scaled.jpg\",\"contentUrl\":\"https:\\\/\\\/www.plenussupermercados.es\\\/wp-content\\\/uploads\\\/2026\\\/03\\\/visita-academia-postal-fleming-2026-scaled.jpg\",\"width\":2560,\"height\":2560},{\"@type\":\"BreadcrumbList\",\"@id\":\"https:\\\/\\\/www.plenussupermercados.es\\\/gl\\\/2026\\\/03\\\/17\\\/os-alumnos-de-academia-postal-visitan-aquie-fleming-2\\\/#breadcrumb\",\"itemListElement\":[{\"@type\":\"ListItem\",\"position\":1,\"name\":\"Portada\",\"item\":\"https:\\\/\\\/www.plenussupermercados.es\\\/gl\\\/\"},{\"@type\":\"ListItem\",\"position\":2,\"name\":\"OS ALUMNOS DE ACADEMIA POSTAL VISITAN AQUI\u00c9 FLEMING\"}]},{\"@type\":\"WebSite\",\"@id\":\"https:\\\/\\\/www.plenussupermercados.es\\\/gl\\\/#website\",\"url\":\"https:\\\/\\\/www.plenussupermercados.es\\\/gl\\\/\",\"name\":\"Supermercados Plenus\",\"description\":\"\",\"publisher\":{\"@id\":\"https:\\\/\\\/www.plenussupermercados.es\\\/gl\\\/#organization\"},\"potentialAction\":[{\"@type\":\"SearchAction\",\"target\":{\"@type\":\"EntryPoint\",\"urlTemplate\":\"https:\\\/\\\/www.plenussupermercados.es\\\/gl\\\/?s={search_term_string}\"},\"query-input\":{\"@type\":\"PropertyValueSpecification\",\"valueRequired\":true,\"valueName\":\"search_term_string\"}}],\"inLanguage\":\"gl-ES\"},{\"@type\":\"Organization\",\"@id\":\"https:\\\/\\\/www.plenussupermercados.es\\\/gl\\\/#organization\",\"name\":\"Supermercados Plenus\",\"url\":\"https:\\\/\\\/www.plenussupermercados.es\\\/gl\\\/\",\"logo\":{\"@type\":\"ImageObject\",\"inLanguage\":\"gl-ES\",\"@id\":\"https:\\\/\\\/www.plenussupermercados.es\\\/gl\\\/#\\\/schema\\\/logo\\\/image\\\/\",\"url\":\"https:\\\/\\\/www.plenussupermercados.es\\\/wp-content\\\/uploads\\\/2024\\\/01\\\/logo-plenus-supermercados.png\",\"contentUrl\":\"https:\\\/\\\/www.plenussupermercados.es\\\/wp-content\\\/uploads\\\/2024\\\/01\\\/logo-plenus-supermercados.png\",\"width\":232,\"height\":57,\"caption\":\"Supermercados Plenus\"},\"image\":{\"@id\":\"https:\\\/\\\/www.plenussupermercados.es\\\/gl\\\/#\\\/schema\\\/logo\\\/image\\\/\"}},{\"@type\":\"Person\",\"@id\":\"https:\\\/\\\/www.plenussupermercados.es\\\/gl\\\/#\\\/schema\\\/person\\\/2d8adef7bb20264c2a1d2f5afc6559a1\",\"name\":\"Marketing\",\"image\":{\"@type\":\"ImageObject\",\"inLanguage\":\"gl-ES\",\"@id\":\"https:\\\/\\\/secure.gravatar.com\\\/avatar\\\/8ded354b39a8b0148f5b1dcf5d15c9851f7e014e20a66c5f23b7c2991bf714cd?s=96&d=mm&r=g\",\"url\":\"https:\\\/\\\/secure.gravatar.com\\\/avatar\\\/8ded354b39a8b0148f5b1dcf5d15c9851f7e014e20a66c5f23b7c2991bf714cd?s=96&d=mm&r=g\",\"contentUrl\":\"https:\\\/\\\/secure.gravatar.com\\\/avatar\\\/8ded354b39a8b0148f5b1dcf5d15c9851f7e014e20a66c5f23b7c2991bf714cd?s=96&d=mm&r=g\",\"caption\":\"Marketing\"}}]}<\/script>\n<!-- \/ Yoast SEO plugin. -->","yoast_head_json":{"title":"OS ALUMNOS DE ACADEMIA POSTAL VISITAN AQUI\u00c9 FLEMING - Supermercados Plenus %","robots":{"index":"index","follow":"follow","max-snippet":"max-snippet:-1","max-image-preview":"max-image-preview:large","max-video-preview":"max-video-preview:-1"},"canonical":"https:\/\/www.plenussupermercados.es\/gl\/2026\/03\/17\/os-alumnos-de-academia-postal-visitan-aquie-fleming-2\/","og_locale":"gl_ES","og_type":"article","og_title":"OS ALUMNOS DE ACADEMIA POSTAL VISITAN AQUI\u00c9 FLEMING - Supermercados Plenus %","og_description":"Esta ma\u00f1\u00e1 tivemos o pracer de recibir no noso supermercado Aqui\u00e9 de Fleming a un grupo de alumnos do curso \u201cActividades auxiliares de caixa e reposici\u00f3n e preparaci\u00f3n de pedidos\u201d, nunha xornada orientada a achegar a teor\u00eda de aula a unha contorna profesional real. Durante a visita, Silvia, encargada de tenda, mostrou ao grupo a&hellip;","og_url":"https:\/\/www.plenussupermercados.es\/gl\/2026\/03\/17\/os-alumnos-de-academia-postal-visitan-aquie-fleming-2\/","og_site_name":"Supermercados Plenus","article_published_time":"2026-03-17T10:06:21+00:00","article_modified_time":"2026-03-17T10:13:14+00:00","og_image":[{"width":2560,"height":2560,"url":"https:\/\/www.plenussupermercados.es\/wp-content\/uploads\/2026\/03\/visita-academia-postal-fleming-2026-scaled.jpg","type":"image\/jpeg"}],"author":"Marketing","twitter_card":"summary_large_image","twitter_misc":{"Escrito por":"Marketing","Tempo de lectura":"1 minuto"},"schema":{"@context":"https:\/\/schema.org","@graph":[{"@type":"Article","@id":"https:\/\/www.plenussupermercados.es\/gl\/2026\/03\/17\/os-alumnos-de-academia-postal-visitan-aquie-fleming-2\/#article","isPartOf":{"@id":"https:\/\/www.plenussupermercados.es\/gl\/2026\/03\/17\/os-alumnos-de-academia-postal-visitan-aquie-fleming-2\/"},"author":{"name":"Marketing","@id":"https:\/\/www.plenussupermercados.es\/gl\/#\/schema\/person\/2d8adef7bb20264c2a1d2f5afc6559a1"},"headline":"OS ALUMNOS DE ACADEMIA POSTAL VISITAN AQUI\u00c9 FLEMING","datePublished":"2026-03-17T10:06:21+00:00","dateModified":"2026-03-17T10:13:14+00:00","mainEntityOfPage":{"@id":"https:\/\/www.plenussupermercados.es\/gl\/2026\/03\/17\/os-alumnos-de-academia-postal-visitan-aquie-fleming-2\/"},"wordCount":184,"publisher":{"@id":"https:\/\/www.plenussupermercados.es\/gl\/#organization"},"image":{"@id":"https:\/\/www.plenussupermercados.es\/gl\/2026\/03\/17\/os-alumnos-de-academia-postal-visitan-aquie-fleming-2\/#primaryimage"},"thumbnailUrl":"https:\/\/www.plenussupermercados.es\/wp-content\/uploads\/2026\/03\/visita-academia-postal-fleming-2026-scaled.jpg","articleSection":["Novas"],"inLanguage":"gl-ES"},{"@type":"WebPage","@id":"https:\/\/www.plenussupermercados.es\/gl\/2026\/03\/17\/os-alumnos-de-academia-postal-visitan-aquie-fleming-2\/","url":"https:\/\/www.plenussupermercados.es\/gl\/2026\/03\/17\/os-alumnos-de-academia-postal-visitan-aquie-fleming-2\/","name":"OS ALUMNOS DE ACADEMIA POSTAL VISITAN AQUI\u00c9 FLEMING - Supermercados Plenus %","isPartOf":{"@id":"https:\/\/www.plenussupermercados.es\/gl\/#website"},"primaryImageOfPage":{"@id":"https:\/\/www.plenussupermercados.es\/gl\/2026\/03\/17\/os-alumnos-de-academia-postal-visitan-aquie-fleming-2\/#primaryimage"},"image":{"@id":"https:\/\/www.plenussupermercados.es\/gl\/2026\/03\/17\/os-alumnos-de-academia-postal-visitan-aquie-fleming-2\/#primaryimage"},"thumbnailUrl":"https:\/\/www.plenussupermercados.es\/wp-content\/uploads\/2026\/03\/visita-academia-postal-fleming-2026-scaled.jpg","datePublished":"2026-03-17T10:06:21+00:00","dateModified":"2026-03-17T10:13:14+00:00","breadcrumb":{"@id":"https:\/\/www.plenussupermercados.es\/gl\/2026\/03\/17\/os-alumnos-de-academia-postal-visitan-aquie-fleming-2\/#breadcrumb"},"inLanguage":"gl-ES","potentialAction":[{"@type":"ReadAction","target":["https:\/\/www.plenussupermercados.es\/gl\/2026\/03\/17\/os-alumnos-de-academia-postal-visitan-aquie-fleming-2\/"]}]},{"@type":"ImageObject","inLanguage":"gl-ES","@id":"https:\/\/www.plenussupermercados.es\/gl\/2026\/03\/17\/os-alumnos-de-academia-postal-visitan-aquie-fleming-2\/#primaryimage","url":"https:\/\/www.plenussupermercados.es\/wp-content\/uploads\/2026\/03\/visita-academia-postal-fleming-2026-scaled.jpg","contentUrl":"https:\/\/www.plenussupermercados.es\/wp-content\/uploads\/2026\/03\/visita-academia-postal-fleming-2026-scaled.jpg","width":2560,"height":2560},{"@type":"BreadcrumbList","@id":"https:\/\/www.plenussupermercados.es\/gl\/2026\/03\/17\/os-alumnos-de-academia-postal-visitan-aquie-fleming-2\/#breadcrumb","itemListElement":[{"@type":"ListItem","position":1,"name":"Portada","item":"https:\/\/www.plenussupermercados.es\/gl\/"},{"@type":"ListItem","position":2,"name":"OS ALUMNOS DE ACADEMIA POSTAL VISITAN AQUI\u00c9 FLEMING"}]},{"@type":"WebSite","@id":"https:\/\/www.plenussupermercados.es\/gl\/#website","url":"https:\/\/www.plenussupermercados.es\/gl\/","name":"Supermercados Plenus","description":"","publisher":{"@id":"https:\/\/www.plenussupermercados.es\/gl\/#organization"},"potentialAction":[{"@type":"SearchAction","target":{"@type":"EntryPoint","urlTemplate":"https:\/\/www.plenussupermercados.es\/gl\/?s={search_term_string}"},"query-input":{"@type":"PropertyValueSpecification","valueRequired":true,"valueName":"search_term_string"}}],"inLanguage":"gl-ES"},{"@type":"Organization","@id":"https:\/\/www.plenussupermercados.es\/gl\/#organization","name":"Supermercados Plenus","url":"https:\/\/www.plenussupermercados.es\/gl\/","logo":{"@type":"ImageObject","inLanguage":"gl-ES","@id":"https:\/\/www.plenussupermercados.es\/gl\/#\/schema\/logo\/image\/","url":"https:\/\/www.plenussupermercados.es\/wp-content\/uploads\/2024\/01\/logo-plenus-supermercados.png","contentUrl":"https:\/\/www.plenussupermercados.es\/wp-content\/uploads\/2024\/01\/logo-plenus-supermercados.png","width":232,"height":57,"caption":"Supermercados Plenus"},"image":{"@id":"https:\/\/www.plenussupermercados.es\/gl\/#\/schema\/logo\/image\/"}},{"@type":"Person","@id":"https:\/\/www.plenussupermercados.es\/gl\/#\/schema\/person\/2d8adef7bb20264c2a1d2f5afc6559a1","name":"Marketing","image":{"@type":"ImageObject","inLanguage":"gl-ES","@id":"https:\/\/secure.gravatar.com\/avatar\/8ded354b39a8b0148f5b1dcf5d15c9851f7e014e20a66c5f23b7c2991bf714cd?s=96&d=mm&r=g","url":"https:\/\/secure.gravatar.com\/avatar\/8ded354b39a8b0148f5b1dcf5d15c9851f7e014e20a66c5f23b7c2991bf714cd?s=96&d=mm&r=g","contentUrl":"https:\/\/secure.gravatar.com\/avatar\/8ded354b39a8b0148f5b1dcf5d15c9851f7e014e20a66c5f23b7c2991bf714cd?s=96&d=mm&r=g","caption":"Marketing"}}]}},"_links":{"self":[{"href":"https:\/\/www.plenussupermercados.es\/gl\/wp-json\/wp\/v2\/posts\/46250","targetHints":{"allow":["GET"]}}],"collection":[{"href":"https:\/\/www.plenussupermercados.es\/gl\/wp-json\/wp\/v2\/posts"}],"about":[{"href":"https:\/\/www.plenussupermercados.es\/gl\/wp-json\/wp\/v2\/types\/post"}],"author":[{"embeddable":true,"href":"https:\/\/www.plenussupermercados.es\/gl\/wp-json\/wp\/v2\/users\/3"}],"replies":[{"embeddable":true,"href":"https:\/\/www.plenussupermercados.es\/gl\/wp-json\/wp\/v2\/comments?post=46250"}],"version-history":[{"count":6,"href":"https:\/\/www.plenussupermercados.es\/gl\/wp-json\/wp\/v2\/posts\/46250\/revisions"}],"predecessor-version":[{"id":46263,"href":"https:\/\/www.plenussupermercados.es\/gl\/wp-json\/wp\/v2\/posts\/46250\/revisions\/46263"}],"wp:featuredmedia":[{"embeddable":true,"href":"https:\/\/www.plenussupermercados.es\/gl\/wp-json\/wp\/v2\/media\/46259"}],"wp:attachment":[{"href":"https:\/\/www.plenussupermercados.es\/gl\/wp-json\/wp\/v2\/media?parent=46250"}],"wp:term":[{"taxonomy":"category","embeddable":true,"href":"https:\/\/www.plenussupermercados.es\/gl\/wp-json\/wp\/v2\/categories?post=46250"},{"taxonomy":"post_tag","embeddable":true,"href":"https:\/\/www.plenussupermercados.es\/gl\/wp-json\/wp\/v2\/tags?post=46250"}],"curies":[{"name":"wp","href":"https:\/\/api.w.org\/{rel}","templated":true}]}}